{"id":1314,"date":"2017-06-22T21:33:51","date_gmt":"2017-06-22T21:33:51","guid":{"rendered":"https:\/\/www.martina-tegtmeier.de\/?p=1314"},"modified":"2017-06-25T11:07:18","modified_gmt":"2017-06-25T11:07:18","slug":"nominierung-bt-wk-12","status":"publish","type":"post","link":"https:\/\/www.martina-tegtmeier.de\/?p=1314","title":{"rendered":"Nominierung BT-WK 12"},"content":{"rendered":"<h3>Bundestagswahlkreis 12 mit neuer Direktkandidatin<\/h3>\n<p><img loading=\"lazy\" decoding=\"async\" class=\"alignleft size-medium wp-image-1315\" src=\"https:\/\/www.martina-tegtmeier.de\/wp-content\/uploads\/2017\/06\/Nominierung-225x300.jpg\" alt=\"\" width=\"225\" height=\"300\" srcset=\"https:\/\/www.martina-tegtmeier.de\/wp-content\/uploads\/2017\/06\/Nominierung-225x300.jpg 225w, https:\/\/www.martina-tegtmeier.de\/wp-content\/uploads\/2017\/06\/Nominierung.jpg 768w\" sizes=\"auto, (max-width: 225px) 100vw, 225px\" \/>Nachdem Manuela Schwesig ihre Kandidatur f\u00fcr den Wahlkreis 12 zur\u00fcckziehen musste, weil sie zur neuen Ministerpr\u00e4sidentin f\u00fcr Mecklenburg-Vorpommern gew\u00e4hlt wird, hie\u00df es eine neue Kandidatin oder einen neuen Kandidaten zu finden. Dass sie mich daf\u00fcr vorschlagen w\u00fcrde, hatte ich zun\u00e4chst nicht erwartet. Doch so kam es. Eine neue Wahlkreiskonferenz war einzuberufen und die Delegierten mussten selbstverst\u00e4ndlich \u00fcber diesen Vorschlag abstimmen.<\/p>\n<p>Am Ende erhielt ich die Zustimmung von 92,3 %. Das hat mich sehr gefreut. Nun ziehe ich (wider Erwarten) schon wieder &#8211; jedoch mit aller Kraft &#8211; in einen Wahlkampf und werde mich m\u00e4chtig ins Zeug legen, um dabei auch gut abzuschneiden. Denn mein Ziel ist, m\u00f6glichst den Wahlkreis wieder f\u00fcr die SPD zu gewinnen.<br \/>\nMir geht es darum, dass unsere Region im Bund nicht abgeh\u00e4ngt wird. Gute Arbeit mit guten L\u00f6hnen, beste Bedingungen f\u00fcr unsere Kinder und nicht zuletzt die Bew\u00e4ltigung des demografischen Wandels sind Themen, f\u00fcr die wir die Unterst\u00fctzung des Bundes brauchen.<\/p>\n<p>&nbsp;<\/p>\n","protected":false},"excerpt":{"rendered":"<p>Bundestagswahlkreis 12 mit neuer Direktkandidatin Nachdem Manuela Schwesig ihre Kandidatur f\u00fcr den Wahlkreis 12 zur\u00fcckziehen musste, weil sie zur neuen Ministerpr\u00e4sidentin f\u00fcr Mecklenburg-Vorpommern gew\u00e4hlt wird, hie\u00df es eine neue Kandidatin oder einen neuen Kandidaten zu finden. Dass sie mich daf\u00fcr &hellip; <a href=\"https:\/\/www.martina-tegtmeier.de\/?p=1314\">Weiterlesen <span class=\"meta-nav\">&rarr;<\/span><\/a><\/p>\n","protected":false},"author":1,"featured_media":0,"comment_status":"closed","ping_status":"closed","sticky":false,"template":"","format":"standard","meta":{"footnotes":""},"categories":[9,8],"tags":[],"class_list":["post-1314","post","type-post","status-publish","format-standard","hentry","category-aktivitaeten","category-aktuelles"],"_links":{"self":[{"href":"https:\/\/www.martina-tegtmeier.de\/index.php?rest_route=\/wp\/v2\/posts\/1314","targetHints":{"allow":["GET"]}}],"collection":[{"href":"https:\/\/www.martina-tegtmeier.de\/index.php?rest_route=\/wp\/v2\/posts"}],"about":[{"href":"https:\/\/www.martina-tegtmeier.de\/index.php?rest_route=\/wp\/v2\/types\/post"}],"author":[{"embeddable":true,"href":"https:\/\/www.martina-tegtmeier.de\/index.php?rest_route=\/wp\/v2\/users\/1"}],"replies":[{"embeddable":true,"href":"https:\/\/www.martina-tegtmeier.de\/index.php?rest_route=%2Fwp%2Fv2%2Fcomments&post=1314"}],"version-history":[{"count":3,"href":"https:\/\/www.martina-tegtmeier.de\/index.php?rest_route=\/wp\/v2\/posts\/1314\/revisions"}],"predecessor-version":[{"id":1324,"href":"https:\/\/www.martina-tegtmeier.de\/index.php?rest_route=\/wp\/v2\/posts\/1314\/revisions\/1324"}],"wp:attachment":[{"href":"https:\/\/www.martina-tegtmeier.de\/index.php?rest_route=%2Fwp%2Fv2%2Fmedia&parent=1314"}],"wp:term":[{"taxonomy":"category","embeddable":true,"href":"https:\/\/www.martina-tegtmeier.de\/index.php?rest_route=%2Fwp%2Fv2%2Fcategories&post=1314"},{"taxonomy":"post_tag","embeddable":true,"href":"https:\/\/www.martina-tegtmeier.de\/index.php?rest_route=%2Fwp%2Fv2%2Ftags&post=1314"}],"curies":[{"name":"wp","href":"https:\/\/api.w.org\/{rel}","templated":true}]}}