{"id":1317,"date":"2017-06-25T09:12:35","date_gmt":"2017-06-25T09:12:35","guid":{"rendered":"https:\/\/www.martina-tegtmeier.de\/?p=1317"},"modified":"2017-06-25T10:45:46","modified_gmt":"2017-06-25T10:45:46","slug":"csd-in-schwerin","status":"publish","type":"post","link":"https:\/\/www.martina-tegtmeier.de\/?p=1317","title":{"rendered":"CSD in Schwerin"},"content":{"rendered":"<h3>K\u00fcss doch, wen du willst!<\/h3>\n<p>Immer noch werden Menschen wegen ihrer Sexualit\u00e4t diskriminiert. Einige werden sogar Opfer von Gewalt aufgrund\u00a0 ihrer sexuellen Ausrichtung. Auch heute gibt es noch Menschen, die z. B. Homosexualit\u00e4t als krank oder unnat\u00fcrlich ansehen. Menschen werden jedoch bereits mit ihrer sexuellen Orientierung geboren. Sie ist eine nat\u00fcrliche Auspr\u00e4gung von Sexualit\u00e4t, wie die Natur auch im Pflanzen- und Tierreich Homosexualit\u00e4t kennt. Nur weil sie nicht in das anerzogene Weltbild einiger passt, gab es trotzdem immer schon Menschen, die eben nicht heterosexuell veranlagt waren.<\/p>\n<p>Darum ist der <strong>C<\/strong>hristopher <strong>S<\/strong>treet <strong>D<\/strong>ay au\u00dferordentlich wichtig, um darauf aufmerksam zu machen: Wir sind in erster Linie Mensch und wollen wie jeder andere auch ohne Diskriminierung und Gewalt leben k\u00f6nnen.<img loading=\"lazy\" decoding=\"async\" class=\"alignleft size-medium wp-image-1318\" src=\"https:\/\/www.martina-tegtmeier.de\/wp-content\/uploads\/2017\/06\/CSD2-300x200.jpg\" alt=\"\" width=\"300\" height=\"200\" srcset=\"https:\/\/www.martina-tegtmeier.de\/wp-content\/uploads\/2017\/06\/CSD2-300x200.jpg 300w, https:\/\/www.martina-tegtmeier.de\/wp-content\/uploads\/2017\/06\/CSD2-768x512.jpg 768w, https:\/\/www.martina-tegtmeier.de\/wp-content\/uploads\/2017\/06\/CSD2-1024x683.jpg 1024w\" sizes=\"auto, (max-width: 300px) 100vw, 300px\" \/><\/p>\n<p>Gestern war es wieder soweit. In Schwerin und Rostock fanden die gr\u00f6\u00dften Paraden bei uns im Land dazu statt. In Schwerin m\u00fcndete die Parade in ein Fest auf dem Marktplatz und ich war dabei. W\u00e4hrend einer Podiumsdiskussion auf dem Schweriner Markt wurden politische Argumente ausgetauscht. Eingeladen waren dazu alle Kandidatinnen und Kandidaten f\u00fcr den Bundestagswahlkreis 12, der sich \u00fcber Schwerin, Teile des Landkreises Nordwestmecklenburg und den Altkreis Ludwigslust (jetzt Teil des Landkreises Ludwigslust-Parchim) erstreckt. CDU und AfD waren nicht erschienen, sodass es im Grunde zu keiner richtigen Auseinandersetzung kam, weil die Akzeptanz individueller Sexualit\u00e4t bei allen Podiumsteilnehmern gegeben war. <img loading=\"lazy\" decoding=\"async\" class=\"alignleft size-medium wp-image-1319\" src=\"https:\/\/www.martina-tegtmeier.de\/wp-content\/uploads\/2017\/06\/CSD1-300x200.jpg\" alt=\"\" width=\"300\" height=\"200\" srcset=\"https:\/\/www.martina-tegtmeier.de\/wp-content\/uploads\/2017\/06\/CSD1-300x200.jpg 300w, https:\/\/www.martina-tegtmeier.de\/wp-content\/uploads\/2017\/06\/CSD1-768x512.jpg 768w, https:\/\/www.martina-tegtmeier.de\/wp-content\/uploads\/2017\/06\/CSD1-1024x683.jpg 1024w\" sizes=\"auto, (max-width: 300px) 100vw, 300px\" \/><\/p>\n<p>&nbsp;<\/p>\n<p>Hier bin ich am Stand unserer &#8222;Schwusos&#8220;.<\/p>\n","protected":false},"excerpt":{"rendered":"<p>K\u00fcss doch, wen du willst! Immer noch werden Menschen wegen ihrer Sexualit\u00e4t diskriminiert. Einige werden sogar Opfer von Gewalt aufgrund\u00a0 ihrer sexuellen Ausrichtung. Auch heute gibt es noch Menschen, die z. B. Homosexualit\u00e4t als krank oder unnat\u00fcrlich ansehen. Menschen werden &hellip; <a href=\"https:\/\/www.martina-tegtmeier.de\/?p=1317\">Weiterlesen <span class=\"meta-nav\">&rarr;<\/span><\/a><\/p>\n","protected":false},"author":1,"featured_media":0,"comment_status":"closed","ping_status":"closed","sticky":false,"template":"","format":"standard","meta":{"footnotes":""},"categories":[9,8],"tags":[],"class_list":["post-1317","post","type-post","status-publish","format-standard","hentry","category-aktivitaeten","category-aktuelles"],"_links":{"self":[{"href":"https:\/\/www.martina-tegtmeier.de\/index.php?rest_route=\/wp\/v2\/posts\/1317","targetHints":{"allow":["GET"]}}],"collection":[{"href":"https:\/\/www.martina-tegtmeier.de\/index.php?rest_route=\/wp\/v2\/posts"}],"about":[{"href":"https:\/\/www.martina-tegtmeier.de\/index.php?rest_route=\/wp\/v2\/types\/post"}],"author":[{"embeddable":true,"href":"https:\/\/www.martina-tegtmeier.de\/index.php?rest_route=\/wp\/v2\/users\/1"}],"replies":[{"embeddable":true,"href":"https:\/\/www.martina-tegtmeier.de\/index.php?rest_route=%2Fwp%2Fv2%2Fcomments&post=1317"}],"version-history":[{"count":3,"href":"https:\/\/www.martina-tegtmeier.de\/index.php?rest_route=\/wp\/v2\/posts\/1317\/revisions"}],"predecessor-version":[{"id":1322,"href":"https:\/\/www.martina-tegtmeier.de\/index.php?rest_route=\/wp\/v2\/posts\/1317\/revisions\/1322"}],"wp:attachment":[{"href":"https:\/\/www.martina-tegtmeier.de\/index.php?rest_route=%2Fwp%2Fv2%2Fmedia&parent=1317"}],"wp:term":[{"taxonomy":"category","embeddable":true,"href":"https:\/\/www.martina-tegtmeier.de\/index.php?rest_route=%2Fwp%2Fv2%2Fcategories&post=1317"},{"taxonomy":"post_tag","embeddable":true,"href":"https:\/\/www.martina-tegtmeier.de\/index.php?rest_route=%2Fwp%2Fv2%2Ftags&post=1317"}],"curies":[{"name":"wp","href":"https:\/\/api.w.org\/{rel}","templated":true}]}}