{"id":1327,"date":"2017-07-27T09:29:26","date_gmt":"2017-07-27T09:29:26","guid":{"rendered":"https:\/\/www.martina-tegtmeier.de\/?p=1327"},"modified":"2017-12-07T09:32:04","modified_gmt":"2017-12-07T09:32:04","slug":"terroreinsatz-in-guestrow","status":"publish","type":"post","link":"https:\/\/www.martina-tegtmeier.de\/?p=1327","title":{"rendered":"Terroreinsatz in G\u00fcstrow"},"content":{"rendered":"<h3>Statt Vorverurteilung: Innenminister sollte Gelegenheit erhalten, \u00fcber G\u00fcstrow-Einsatz zu berichten<\/h3>\n<div class=\"itemBody\">\n<div class=\"itemTeaserText\">Nachdem drei Terrorverd\u00e4chtige, die bei einem gro\u00dfangelegten Einsatz in Gewahrsam genommen wurden, anschlie\u00dfend wieder freigelassen werden mussten, erkl\u00e4rt die innenpolitische Sprecherin der SPD-Landtagsfraktion Martina Tegtmeier:<\/div>\n<div class=\"itemFullText\">\n\u201eDie Ereignisse in G\u00fcstrow und Umgebung haben f\u00fcr viel Aufsehen in der \u00d6ffentlichkeit gesorgt. Ich vermute, dass der Innenminister gro\u00dfes Interesse daran hat, seine Sicht auf die Abl\u00e4ufe, vor allem was die Freilassung der Verd\u00e4chtigen betrifft, darzulegen. Eine Sondersitzung des Innenausschusses sollte meiner Ansicht nach eine geeignete Gelegenheit dazu bieten. Ich erwarte, dass der Innenminister dann auch klarstellen wird, dass von den Freigelassenen keine akute Terrorgefahr ausgeht.\u201c<\/div>\n<\/div>\n","protected":false},"excerpt":{"rendered":"<p>Statt Vorverurteilung: Innenminister sollte Gelegenheit erhalten, \u00fcber G\u00fcstrow-Einsatz zu berichten Nachdem drei Terrorverd\u00e4chtige, die bei einem gro\u00dfangelegten Einsatz in Gewahrsam genommen wurden, anschlie\u00dfend wieder freigelassen werden mussten, erkl\u00e4rt die innenpolitische Sprecherin der SPD-Landtagsfraktion Martina Tegtmeier: \u201eDie Ereignisse in G\u00fcstrow und &hellip; <a href=\"https:\/\/www.martina-tegtmeier.de\/?p=1327\">Weiterlesen <span class=\"meta-nav\">&rarr;<\/span><\/a><\/p>\n","protected":false},"author":1,"featured_media":0,"comment_status":"closed","ping_status":"closed","sticky":false,"template":"","format":"standard","meta":{"footnotes":""},"categories":[8],"tags":[],"class_list":["post-1327","post","type-post","status-publish","format-standard","hentry","category-aktuelles"],"_links":{"self":[{"href":"https:\/\/www.martina-tegtmeier.de\/index.php?rest_route=\/wp\/v2\/posts\/1327","targetHints":{"allow":["GET"]}}],"collection":[{"href":"https:\/\/www.martina-tegtmeier.de\/index.php?rest_route=\/wp\/v2\/posts"}],"about":[{"href":"https:\/\/www.martina-tegtmeier.de\/index.php?rest_route=\/wp\/v2\/types\/post"}],"author":[{"embeddable":true,"href":"https:\/\/www.martina-tegtmeier.de\/index.php?rest_route=\/wp\/v2\/users\/1"}],"replies":[{"embeddable":true,"href":"https:\/\/www.martina-tegtmeier.de\/index.php?rest_route=%2Fwp%2Fv2%2Fcomments&post=1327"}],"version-history":[{"count":1,"href":"https:\/\/www.martina-tegtmeier.de\/index.php?rest_route=\/wp\/v2\/posts\/1327\/revisions"}],"predecessor-version":[{"id":1328,"href":"https:\/\/www.martina-tegtmeier.de\/index.php?rest_route=\/wp\/v2\/posts\/1327\/revisions\/1328"}],"wp:attachment":[{"href":"https:\/\/www.martina-tegtmeier.de\/index.php?rest_route=%2Fwp%2Fv2%2Fmedia&parent=1327"}],"wp:term":[{"taxonomy":"category","embeddable":true,"href":"https:\/\/www.martina-tegtmeier.de\/index.php?rest_route=%2Fwp%2Fv2%2Fcategories&post=1327"},{"taxonomy":"post_tag","embeddable":true,"href":"https:\/\/www.martina-tegtmeier.de\/index.php?rest_route=%2Fwp%2Fv2%2Ftags&post=1327"}],"curies":[{"name":"wp","href":"https:\/\/api.w.org\/{rel}","templated":true}]}}