{"id":1329,"date":"2017-09-14T09:32:13","date_gmt":"2017-09-14T09:32:13","guid":{"rendered":"https:\/\/www.martina-tegtmeier.de\/?p=1329"},"modified":"2017-12-07T09:33:29","modified_gmt":"2017-12-07T09:33:29","slug":"prepper-szene","status":"publish","type":"post","link":"https:\/\/www.martina-tegtmeier.de\/?p=1329","title":{"rendered":"Prepper-Szene"},"content":{"rendered":"<h3>\u201ePrepper-Szene\u201c ist keine harmlose Hamsterer-Truppe<\/h3>\n<div class=\"itemBody\">\n<div class=\"itemTeaserText\">Zur Ank\u00fcndigung des Innenministeriums, eine Kommission einzurichten, die die sogenannte \u201ePrepper-Szene\u201c im Land untersuchen soll, erkl\u00e4rt die innenpolitische Sprecherin der SPD-Landtagsfraktion Martina Tegtmeier:<\/div>\n<div class=\"itemFullText\">\n\u201eIch begr\u00fc\u00dfe es sehr, dass diese im Dunkeln agierende Gruppe genau ausgeleuchtet werden soll. Es handelt sich bei diesen Menschen, die sich auf den Zusammenbruch der staatlichen Ordnung vorbereiten offenbar nicht allein um besorgte B\u00fcrger, die ein \u201epaar Dosen Ravioli\u201c auf den Notfall hamstern, wie uns manche weismachen wollen. Vielmehr m\u00fcssen wir annehmen, dass es ein rechtes Netzwerk von Menschen gibt, die Waffen und Munition horten, sich auf Schie\u00dfpl\u00e4tzen treffen, \u00fcber Chats im Internet austauschen und personenbezogene Daten sammeln. Es muss auch gepr\u00fcft werden, welchen politischen Organisationen oder Parteien diese Menschen nahestehen oder ihnen sogar angeh\u00f6ren. Ich f\u00fcrchte, wir haben seit den Durchsuchungen Ende August noch nicht mal die Spitze des Eisbergs gesehen.\u201c<\/div>\n<\/div>\n","protected":false},"excerpt":{"rendered":"<p>\u201ePrepper-Szene\u201c ist keine harmlose Hamsterer-Truppe Zur Ank\u00fcndigung des Innenministeriums, eine Kommission einzurichten, die die sogenannte \u201ePrepper-Szene\u201c im Land untersuchen soll, erkl\u00e4rt die innenpolitische Sprecherin der SPD-Landtagsfraktion Martina Tegtmeier: \u201eIch begr\u00fc\u00dfe es sehr, dass diese im Dunkeln agierende Gruppe genau ausgeleuchtet &hellip; <a href=\"https:\/\/www.martina-tegtmeier.de\/?p=1329\">Weiterlesen <span class=\"meta-nav\">&rarr;<\/span><\/a><\/p>\n","protected":false},"author":1,"featured_media":0,"comment_status":"closed","ping_status":"closed","sticky":false,"template":"","format":"standard","meta":{"footnotes":""},"categories":[8],"tags":[],"class_list":["post-1329","post","type-post","status-publish","format-standard","hentry","category-aktuelles"],"_links":{"self":[{"href":"https:\/\/www.martina-tegtmeier.de\/index.php?rest_route=\/wp\/v2\/posts\/1329","targetHints":{"allow":["GET"]}}],"collection":[{"href":"https:\/\/www.martina-tegtmeier.de\/index.php?rest_route=\/wp\/v2\/posts"}],"about":[{"href":"https:\/\/www.martina-tegtmeier.de\/index.php?rest_route=\/wp\/v2\/types\/post"}],"author":[{"embeddable":true,"href":"https:\/\/www.martina-tegtmeier.de\/index.php?rest_route=\/wp\/v2\/users\/1"}],"replies":[{"embeddable":true,"href":"https:\/\/www.martina-tegtmeier.de\/index.php?rest_route=%2Fwp%2Fv2%2Fcomments&post=1329"}],"version-history":[{"count":1,"href":"https:\/\/www.martina-tegtmeier.de\/index.php?rest_route=\/wp\/v2\/posts\/1329\/revisions"}],"predecessor-version":[{"id":1330,"href":"https:\/\/www.martina-tegtmeier.de\/index.php?rest_route=\/wp\/v2\/posts\/1329\/revisions\/1330"}],"wp:attachment":[{"href":"https:\/\/www.martina-tegtmeier.de\/index.php?rest_route=%2Fwp%2Fv2%2Fmedia&parent=1329"}],"wp:term":[{"taxonomy":"category","embeddable":true,"href":"https:\/\/www.martina-tegtmeier.de\/index.php?rest_route=%2Fwp%2Fv2%2Fcategories&post=1329"},{"taxonomy":"post_tag","embeddable":true,"href":"https:\/\/www.martina-tegtmeier.de\/index.php?rest_route=%2Fwp%2Fv2%2Ftags&post=1329"}],"curies":[{"name":"wp","href":"https:\/\/api.w.org\/{rel}","templated":true}]}}