{"id":1331,"date":"2017-10-19T09:33:35","date_gmt":"2017-10-19T09:33:35","guid":{"rendered":"https:\/\/www.martina-tegtmeier.de\/?p=1331"},"modified":"2017-12-07T09:35:05","modified_gmt":"2017-12-07T09:35:05","slug":"bessere-loehne-fuer-gute-pflege","status":"publish","type":"post","link":"https:\/\/www.martina-tegtmeier.de\/?p=1331","title":{"rendered":"Bessere L\u00f6hne f\u00fcr gute Pflege"},"content":{"rendered":"<h3>Gute Pflege braucht gute L\u00f6hne und Arbeitsbedingungen<\/h3>\n<div class=\"itemBody\">\n<div class=\"itemTeaserText\">Anl\u00e4sslich der Debatte zum Thema \u201eGute Arbeit auch in der Pflege\u201c erkl\u00e4rt die SPD-Landtagsabgeordnete Martina Tegtmeier:<\/div>\n<div class=\"itemFullText\">\n\u201eImmer mehr Menschen in Mecklenburg-Vorpommern bed\u00fcrfen der Pflege. Diese vor Ort sicherzustellen, ist eine wesentliche Herausforderung der kommenden Jahre. Dazu m\u00fcssen nicht nur die Rahmenbedingungen verbessert werden. Auch der Pflegeberuf selbst muss deutlich aufgewertet werden. Hierzu geh\u00f6ren faire L\u00f6hne und gute Arbeits- und Ausbildungsbedingungen. Aber auch die Bedingungen f\u00fcr die an der Pflege beteiligten Familien und Ehrenamtlichen m\u00fcssen weiter gest\u00e4rkt werden. Nur so wird es gelingen, eine fl\u00e4chendeckende und gute Versorgung \u00e4lterer und hilfebed\u00fcrftiger Menschen sicherzustellen.<\/p>\n<p>Mit den Pflegest\u00e4rkungsgesetzen hat der Bund Verbesserungen f\u00fcr die Pflege geschaffen. Diese m\u00fcssen jetzt konsequent umgesetzt werden. Deshalb werden wir das Landespflegegesetz sowie das Einrichtungenqualit\u00e4tsgesetzes entsprechend anpassen. Auch wollen wir die Pflegest\u00fctzpunkte im Land ausbauen und den Kommunen helfen, die Pflegesozialplanungen weiterzuentwickeln.\u201c<\/p><\/div>\n<div class=\"clr\"><\/div>\n<\/div>\n<div class=\"itemTagsBlock\"><\/div>\n","protected":false},"excerpt":{"rendered":"<p>Gute Pflege braucht gute L\u00f6hne und Arbeitsbedingungen Anl\u00e4sslich der Debatte zum Thema \u201eGute Arbeit auch in der Pflege\u201c erkl\u00e4rt die SPD-Landtagsabgeordnete Martina Tegtmeier: \u201eImmer mehr Menschen in Mecklenburg-Vorpommern bed\u00fcrfen der Pflege. Diese vor Ort sicherzustellen, ist eine wesentliche Herausforderung der &hellip; <a href=\"https:\/\/www.martina-tegtmeier.de\/?p=1331\">Weiterlesen <span class=\"meta-nav\">&rarr;<\/span><\/a><\/p>\n","protected":false},"author":1,"featured_media":0,"comment_status":"closed","ping_status":"closed","sticky":false,"template":"","format":"standard","meta":{"footnotes":""},"categories":[8],"tags":[],"class_list":["post-1331","post","type-post","status-publish","format-standard","hentry","category-aktuelles"],"_links":{"self":[{"href":"https:\/\/www.martina-tegtmeier.de\/index.php?rest_route=\/wp\/v2\/posts\/1331","targetHints":{"allow":["GET"]}}],"collection":[{"href":"https:\/\/www.martina-tegtmeier.de\/index.php?rest_route=\/wp\/v2\/posts"}],"about":[{"href":"https:\/\/www.martina-tegtmeier.de\/index.php?rest_route=\/wp\/v2\/types\/post"}],"author":[{"embeddable":true,"href":"https:\/\/www.martina-tegtmeier.de\/index.php?rest_route=\/wp\/v2\/users\/1"}],"replies":[{"embeddable":true,"href":"https:\/\/www.martina-tegtmeier.de\/index.php?rest_route=%2Fwp%2Fv2%2Fcomments&post=1331"}],"version-history":[{"count":1,"href":"https:\/\/www.martina-tegtmeier.de\/index.php?rest_route=\/wp\/v2\/posts\/1331\/revisions"}],"predecessor-version":[{"id":1332,"href":"https:\/\/www.martina-tegtmeier.de\/index.php?rest_route=\/wp\/v2\/posts\/1331\/revisions\/1332"}],"wp:attachment":[{"href":"https:\/\/www.martina-tegtmeier.de\/index.php?rest_route=%2Fwp%2Fv2%2Fmedia&parent=1331"}],"wp:term":[{"taxonomy":"category","embeddable":true,"href":"https:\/\/www.martina-tegtmeier.de\/index.php?rest_route=%2Fwp%2Fv2%2Fcategories&post=1331"},{"taxonomy":"post_tag","embeddable":true,"href":"https:\/\/www.martina-tegtmeier.de\/index.php?rest_route=%2Fwp%2Fv2%2Ftags&post=1331"}],"curies":[{"name":"wp","href":"https:\/\/api.w.org\/{rel}","templated":true}]}}