{"id":1337,"date":"2017-09-21T09:49:58","date_gmt":"2017-09-21T09:49:58","guid":{"rendered":"https:\/\/www.martina-tegtmeier.de\/?p=1337"},"modified":"2017-12-07T10:50:58","modified_gmt":"2017-12-07T10:50:58","slug":"jahresempfang-der-landraetin-nwm","status":"publish","type":"post","link":"https:\/\/www.martina-tegtmeier.de\/?p=1337","title":{"rendered":"Jahresempfang der Landr\u00e4tin NWM"},"content":{"rendered":"<h2 class=\"gcarticle-detail-title\"><span id=\"articletitle_61073_201\"><span style=\"color: #000000;\">Veranstaltung und Ehrungen\u00a0des Landkreises\u00a02017<\/span><\/span><\/h2>\n<div class=\"gcarticle-column-right\">\n<div class=\"gcarticle-col-gallery\"><\/div>\n<div class=\"gcarticle-col-gallery-content\">\n<div class=\"gcarticle-picture-leftfloat\">\n<div class=\"gcarticle-mainpicture\">\n<p><a class=\"gcarticle-gallery-link-61073\" title=\"Der diesj\u00e4hrige Jahresempfang fand in Gadebusch in einer der Werkshallen von Stefan Timm, Werksleiter der Fertigungstechnik Nord und Gewinner des Unternehmerpreises 2003, statt. \u00a9 LK NWM\" href=\"https:\/\/www.nordwestmecklenburg.de\/de\/datei\/vorschau\/1200x1200\/id\/61073,201\/IMG_4926.JPG\"><img decoding=\"async\" class=\"gcarticle-mainpicture\" title=\"Der diesj\u00e4hrige Jahresempfang fand in Gadebusch in einer der Werkshallen von Stefan Timm, Werksleiter der Fertigungstechnik Nord und Gewinner des Unternehmerpreises 2003, statt. \u00a9 LK NWM\" src=\"https:\/\/www.nordwestmecklenburg.de\/de\/datei\/zuschneiden\/100x100\/id\/61073,201\/IMG_4926.JPG\" alt=\"Der diesj\u00e4hrige Jahresempfang fand in Gadebusch in einer der Werkshallen von Stefan Timm, Werksleiter der Fertigungstechnik Nord und Gewinner des Unternehmerpreises 2003, statt. \u00a9 LK NWM\" \/><\/a><a class=\"gcarticle-gallery-link-61073\" title=\"Herzlichen Gl\u00fcckwunsch allen Preistr\u00e4gerinnen und Preistr\u00e4gern, vielen Dank allen Beteiligten! \u00a9 LK NWM\" href=\"https:\/\/www.nordwestmecklenburg.de\/de\/datei\/vorschau\/1200x1200\/id\/61131,201\/img_5068.jpg\" data-ajax=\"false\"><img decoding=\"async\" class=\"gcarticle-gallery-img\" title=\"Herzlichen Gl\u00fcckwunsch allen Preistr\u00e4gerinnen und Preistr\u00e4gern, vielen Dank allen Beteiligten! \u00a9 LK NWM\" src=\"https:\/\/www.nordwestmecklenburg.de\/de\/datei\/zuschneiden\/100x100\/id\/61131,201\/img_5068.jpg\" alt=\"Herzlichen Gl\u00fcckwunsch allen Preistr\u00e4gerinnen und Preistr\u00e4gern, vielen Dank allen Beteiligten! \u00a9 LK NWM\" \/><\/a><\/p>\n<div id=\"attachment_1338\" style=\"width: 310px\" class=\"wp-caption alignleft\"><a class=\"gcarticle-gallery-link-61073\" title=\"Der diesj\u00e4hrige Jahresempfang fand in Gadebusch in einer der Werkshallen von Stefan Timm, Werksleiter der Fertigungstechnik Nord und Gewinner des Unternehmerpreises 2003, statt. \u00a9 LK NWM\" href=\"https:\/\/www.nordwestmecklenburg.de\/de\/datei\/vorschau\/1200x1200\/id\/61073,201\/IMG_4926.JPG\"><img loading=\"lazy\" decoding=\"async\" aria-describedby=\"caption-attachment-1338\" class=\"wp-image-1338 size-medium\" src=\"https:\/\/www.martina-tegtmeier.de\/wp-content\/uploads\/2017\/12\/FB_IMG_1511772521066-300x231.jpg\" alt=\"\" width=\"300\" height=\"231\" srcset=\"https:\/\/www.martina-tegtmeier.de\/wp-content\/uploads\/2017\/12\/FB_IMG_1511772521066-300x231.jpg 300w, https:\/\/www.martina-tegtmeier.de\/wp-content\/uploads\/2017\/12\/FB_IMG_1511772521066-768x592.jpg 768w, https:\/\/www.martina-tegtmeier.de\/wp-content\/uploads\/2017\/12\/FB_IMG_1511772521066-1024x790.jpg 1024w, https:\/\/www.martina-tegtmeier.de\/wp-content\/uploads\/2017\/12\/FB_IMG_1511772521066.jpg 1245w\" sizes=\"auto, (max-width: 300px) 100vw, 300px\" \/><\/a><p id=\"caption-attachment-1338\" class=\"wp-caption-text\">Kerstin Weiss, Martina Tegtmeier, Steffi Drese<\/p><\/div>\n<\/div>\n<\/div>\n<div class=\"gcarticle-detail-content-editable\">\n<div id=\"article_61073_201\">\n<p><strong>\u00a0<\/strong><\/p>\n<p>&nbsp;<\/p>\n<p>&nbsp;<\/p>\n<p>&nbsp;<\/p>\n<p>&nbsp;<\/p>\n<p>&nbsp;<\/p>\n<p>Am 20. September 2017 fand auf dem Gel\u00e4nde der <a href=\"https:\/\/www.nord.com\/cms\/de\/nord_group\/about_us_global\/howtofindus\/cp_howtofind_ftn.jsp\" target=\"_blank\" rel=\"noopener noreferrer\">Fertigungstechnik Nord in Gadebusch<\/a> der Jahresempfang des Landkreises statt. Es waren gut\u00a0120 G\u00e4ste aus Politik, Wirtschaft, Vereinen, Verb\u00e4nden und Institutionen zu dieser sch\u00f6nen Veranstaltung gekommen.\u00a0Darunter auch die Ministerin f\u00fcr Soziales, Integration und Gleichstellung Stefanie Drese. Nat\u00fcrlich stand auch bei diesem Neujahrsempfang die W\u00fcrdigung ganz unterschiedlicher Personen f\u00fcr ihren Einsatz im Ehrenamt im Mittelpunkt. Neben der Verleihung der Ehrennadel wurden auch der Umweltpreis und der Jugendumweltpreis, die jeweils\u00a0immerhin mit 1.000 \u20ac dotiert sind, verliehen.<\/p>\n<p>Die Preistr\u00e4gerinnen und Preistr\u00e4ger<\/p>\n<p><strong>&#8230;f\u00fcr die Ehrennadel:<\/strong><\/p>\n<p><strong>Wolfgang Griese<\/strong> aus Warin und Vorsitzender des Beirats f\u00fcr Menschen mit Behinderung in Nordwestmecklenburg f\u00fcr sein jahrelanges Engagement im Bereich Inklusion<\/p>\n<p><strong>Andreas Nielsen<\/strong> f\u00fcr seinen ausgesprochenen Einsatz f\u00fcr den Verein der Eisenbahnfreunde in Wismar<\/p>\n<p><strong>Marie-Anne Schlaberg<\/strong> als Vorsitzende der Wismarer Ortsgruppe des Allgemeinen Deutschen Fahrrad Clubs (ADFC)<\/p>\n<p><strong>&#8230;f\u00fcr den Umweltpreis, dotiert mit 1000\u20ac:<\/strong><\/p>\n<p><strong>Hubert Haushold<\/strong>, den Vorsitzenden der Regionalvereinigung Segeln Wismarbucht, der sich seit vielen Jahren f\u00fcr Natur- und Umweltschutz in der Region Salzhaff und Wismarer Bucht einsetzt<\/p>\n<p><strong>&#8230;f\u00fcr den Jugendumweltpreis, dotiert mit 1000\u20ac:<\/strong><\/p>\n<p><strong>Anna-Sophie Ulmer aus K\u00f6chelstorf<\/strong> und <strong>Anna-Lena Ziemann aus Rehna<\/strong>. Die Sch\u00fclerinnen der neunten Klasse der Regionalen Schule in Rehna haben sich f\u00fcr den Naturschutz in der Klosterschule eingesetzt, Sch\u00fcleraustausche geleitet und Projekte in Eigeninitiative entwickelt.<\/p>\n<\/div>\n<\/div>\n<\/div>\n<\/div>\n","protected":false},"excerpt":{"rendered":"<p>Veranstaltung und Ehrungen\u00a0des Landkreises\u00a02017 \u00a0 &nbsp; &nbsp; &nbsp; &nbsp; &nbsp; Am 20. September 2017 fand auf dem Gel\u00e4nde der Fertigungstechnik Nord in Gadebusch der Jahresempfang des Landkreises statt. Es waren gut\u00a0120 G\u00e4ste aus Politik, Wirtschaft, Vereinen, Verb\u00e4nden und Institutionen zu &hellip; <a href=\"https:\/\/www.martina-tegtmeier.de\/?p=1337\">Weiterlesen <span class=\"meta-nav\">&rarr;<\/span><\/a><\/p>\n","protected":false},"author":1,"featured_media":0,"comment_status":"closed","ping_status":"closed","sticky":false,"template":"","format":"standard","meta":{"footnotes":""},"categories":[9],"tags":[],"class_list":["post-1337","post","type-post","status-publish","format-standard","hentry","category-aktivitaeten"],"_links":{"self":[{"href":"https:\/\/www.martina-tegtmeier.de\/index.php?rest_route=\/wp\/v2\/posts\/1337","targetHints":{"allow":["GET"]}}],"collection":[{"href":"https:\/\/www.martina-tegtmeier.de\/index.php?rest_route=\/wp\/v2\/posts"}],"about":[{"href":"https:\/\/www.martina-tegtmeier.de\/index.php?rest_route=\/wp\/v2\/types\/post"}],"author":[{"embeddable":true,"href":"https:\/\/www.martina-tegtmeier.de\/index.php?rest_route=\/wp\/v2\/users\/1"}],"replies":[{"embeddable":true,"href":"https:\/\/www.martina-tegtmeier.de\/index.php?rest_route=%2Fwp%2Fv2%2Fcomments&post=1337"}],"version-history":[{"count":2,"href":"https:\/\/www.martina-tegtmeier.de\/index.php?rest_route=\/wp\/v2\/posts\/1337\/revisions"}],"predecessor-version":[{"id":1351,"href":"https:\/\/www.martina-tegtmeier.de\/index.php?rest_route=\/wp\/v2\/posts\/1337\/revisions\/1351"}],"wp:attachment":[{"href":"https:\/\/www.martina-tegtmeier.de\/index.php?rest_route=%2Fwp%2Fv2%2Fmedia&parent=1337"}],"wp:term":[{"taxonomy":"category","embeddable":true,"href":"https:\/\/www.martina-tegtmeier.de\/index.php?rest_route=%2Fwp%2Fv2%2Fcategories&post=1337"},{"taxonomy":"post_tag","embeddable":true,"href":"https:\/\/www.martina-tegtmeier.de\/index.php?rest_route=%2Fwp%2Fv2%2Ftags&post=1337"}],"curies":[{"name":"wp","href":"https:\/\/api.w.org\/{rel}","templated":true}]}}