{"id":1340,"date":"2017-10-21T10:02:13","date_gmt":"2017-10-21T10:02:13","guid":{"rendered":"https:\/\/www.martina-tegtmeier.de\/?p=1340"},"modified":"2017-12-07T10:53:18","modified_gmt":"2017-12-07T10:53:18","slug":"delegiertenversammlung-des-lfv-m-v","status":"publish","type":"post","link":"https:\/\/www.martina-tegtmeier.de\/?p=1340","title":{"rendered":"Delegiertenversammlung des LFV M-V"},"content":{"rendered":"<h2 class=\"news-date\">Zahlreiche Auszeichnungen und Ehrungen bei der\u00a0Delegiertenversammlung des Landesfeuerwehrverbandes Mecklenburg-Vorpommern<\/h2>\n<div class=\"news-list-image-single\"><\/div>\n<div class=\"news-list-inhalt\">\n<p>Die diesj\u00e4hrige Delegiertenversammlung des Landesfeuerwehrverbands fand am \u00a021. Oktober in der Halle am Alten Hafen in Wismar statt.<\/p>\n<p>Mehr als 200 Delegierte und G\u00e4ste aus Politik und Wirtschaft nahmen an der Veranstaltung teil.<\/p>\n<div id=\"attachment_1341\" style=\"width: 310px\" class=\"wp-caption alignleft\"><img loading=\"lazy\" decoding=\"async\" aria-describedby=\"caption-attachment-1341\" class=\"size-medium wp-image-1341\" src=\"https:\/\/www.martina-tegtmeier.de\/wp-content\/uploads\/2017\/12\/FB_IMG_1511773733856-300x225.jpg\" alt=\"\" width=\"300\" height=\"225\" srcset=\"https:\/\/www.martina-tegtmeier.de\/wp-content\/uploads\/2017\/12\/FB_IMG_1511773733856-300x225.jpg 300w, https:\/\/www.martina-tegtmeier.de\/wp-content\/uploads\/2017\/12\/FB_IMG_1511773733856-768x576.jpg 768w, https:\/\/www.martina-tegtmeier.de\/wp-content\/uploads\/2017\/12\/FB_IMG_1511773733856.jpg 960w\" sizes=\"auto, (max-width: 300px) 100vw, 300px\" \/><p id=\"caption-attachment-1341\" class=\"wp-caption-text\">Thomas Schwarz, Martina Tegtmeier<\/p><\/div>\n<p>&nbsp;<\/p>\n<p>&nbsp;<\/p>\n<p>&nbsp;<\/p>\n<p>&nbsp;<\/p>\n<p>&nbsp;<\/p>\n<p>&nbsp;<\/p>\n<p>&nbsp;<\/p>\n<p>Gleich an f\u00fcnf verdiente Mitglieder der Feuerwehr verlieh der Innenminister unseres Landes, Lorenz Caffier, das Brandschutzehrenkreuz der Sonderstufe des Innenministeriums:<\/p>\n<p>Wolfgang D\u00e4hn\u00a0&#8211; LPBK M-V,\u00a0Matthias Meschkat\u00a0\u00a0&#8211; Wismar Altstadt (NWM), G\u00fcnter Stechow\u00a0&#8211; Ostseebad Ahrenshoop (V-R), Roland Cordes\u00a0&#8211; Stepenitztal (NWM), Berthold Teschke\u00a0&#8211; Pl\u00fcschow (NWM)<\/p>\n<p>Es ist\u00a0die h\u00f6chste staatliche Auszeichnung des Brandschutzes in M-V wird durch den Innenminister verliehen. &#8222;Als w\u00fcrdig erweisen sich Kameradinnen und Kameraden, die sich mit besonders viel Enthusiasmus, Zeit- und Kraftaufwand f\u00fcr die \u00f6ffentliche Sicherheit in Mecklenburg-Vorpommern eingesetzt haben, sich f\u00fcr den Brandschutz mit all seinen Facetten engagieren und durch ihr ehrenamtliches Engagement und den Dienst in der Feuerwehr f\u00fcr ihre Mitmenschen verdient gemacht haben.&#8220;<\/p>\n<p>Des Weiteren wurden verliehen:<\/p>\n<p>2 x das <b>Ehrenkreuz des Deutschen Feuerwehrverbandes in Silber<\/b><\/p>\n<p>2 x die <b>Ehrennadel der Deutschen Jugendfeuerwehr in Silber<\/b><\/p>\n<p>3 x die <b>Ehrennadel des Landesfeuerwehrverbandes in Gold<\/b><\/p>\n<p>1 x\u00a0 die <b>Ehrennadel des Landesfeuerwehrverbandes in Silber<\/b><\/p>\n<p>sowie 1 x das <strong>Ehrenschild <\/strong><b>Partner unserer Feuerwehren<\/b><\/p>\n<\/div>\n","protected":false},"excerpt":{"rendered":"<p>Zahlreiche Auszeichnungen und Ehrungen bei der\u00a0Delegiertenversammlung des Landesfeuerwehrverbandes Mecklenburg-Vorpommern Die diesj\u00e4hrige Delegiertenversammlung des Landesfeuerwehrverbands fand am \u00a021. Oktober in der Halle am Alten Hafen in Wismar statt. Mehr als 200 Delegierte und G\u00e4ste aus Politik und Wirtschaft nahmen an der &hellip; <a href=\"https:\/\/www.martina-tegtmeier.de\/?p=1340\">Weiterlesen <span class=\"meta-nav\">&rarr;<\/span><\/a><\/p>\n","protected":false},"author":1,"featured_media":0,"comment_status":"closed","ping_status":"closed","sticky":false,"template":"","format":"standard","meta":{"footnotes":""},"categories":[9],"tags":[],"class_list":["post-1340","post","type-post","status-publish","format-standard","hentry","category-aktivitaeten"],"_links":{"self":[{"href":"https:\/\/www.martina-tegtmeier.de\/index.php?rest_route=\/wp\/v2\/posts\/1340","targetHints":{"allow":["GET"]}}],"collection":[{"href":"https:\/\/www.martina-tegtmeier.de\/index.php?rest_route=\/wp\/v2\/posts"}],"about":[{"href":"https:\/\/www.martina-tegtmeier.de\/index.php?rest_route=\/wp\/v2\/types\/post"}],"author":[{"embeddable":true,"href":"https:\/\/www.martina-tegtmeier.de\/index.php?rest_route=\/wp\/v2\/users\/1"}],"replies":[{"embeddable":true,"href":"https:\/\/www.martina-tegtmeier.de\/index.php?rest_route=%2Fwp%2Fv2%2Fcomments&post=1340"}],"version-history":[{"count":1,"href":"https:\/\/www.martina-tegtmeier.de\/index.php?rest_route=\/wp\/v2\/posts\/1340\/revisions"}],"predecessor-version":[{"id":1342,"href":"https:\/\/www.martina-tegtmeier.de\/index.php?rest_route=\/wp\/v2\/posts\/1340\/revisions\/1342"}],"wp:attachment":[{"href":"https:\/\/www.martina-tegtmeier.de\/index.php?rest_route=%2Fwp%2Fv2%2Fmedia&parent=1340"}],"wp:term":[{"taxonomy":"category","embeddable":true,"href":"https:\/\/www.martina-tegtmeier.de\/index.php?rest_route=%2Fwp%2Fv2%2Fcategories&post=1340"},{"taxonomy":"post_tag","embeddable":true,"href":"https:\/\/www.martina-tegtmeier.de\/index.php?rest_route=%2Fwp%2Fv2%2Ftags&post=1340"}],"curies":[{"name":"wp","href":"https:\/\/api.w.org\/{rel}","templated":true}]}}