{"id":1343,"date":"2017-10-25T10:17:22","date_gmt":"2017-10-25T10:17:22","guid":{"rendered":"https:\/\/www.martina-tegtmeier.de\/?p=1343"},"modified":"2017-12-07T10:51:17","modified_gmt":"2017-12-07T10:51:17","slug":"6-seniorenkonferenz-in-grevesmuehlen","status":"publish","type":"post","link":"https:\/\/www.martina-tegtmeier.de\/?p=1343","title":{"rendered":"6. Seniorenkonferenz in Grevesm\u00fchlen"},"content":{"rendered":"<h2>Seniorenkonferenz wieder voller Erfolg<\/h2>\n<p><img loading=\"lazy\" decoding=\"async\" class=\"alignleft size-medium wp-image-1344\" src=\"https:\/\/www.martina-tegtmeier.de\/wp-content\/uploads\/2017\/12\/FB_IMG_1511773674296-300x169.jpg\" alt=\"\" width=\"300\" height=\"169\" srcset=\"https:\/\/www.martina-tegtmeier.de\/wp-content\/uploads\/2017\/12\/FB_IMG_1511773674296-300x169.jpg 300w, https:\/\/www.martina-tegtmeier.de\/wp-content\/uploads\/2017\/12\/FB_IMG_1511773674296-768x432.jpg 768w, https:\/\/www.martina-tegtmeier.de\/wp-content\/uploads\/2017\/12\/FB_IMG_1511773674296-1024x576.jpg 1024w, https:\/\/www.martina-tegtmeier.de\/wp-content\/uploads\/2017\/12\/FB_IMG_1511773674296.jpg 1137w\" sizes=\"auto, (max-width: 300px) 100vw, 300px\" \/><img loading=\"lazy\" decoding=\"async\" class=\"alignleft size-medium wp-image-1345\" src=\"https:\/\/www.martina-tegtmeier.de\/wp-content\/uploads\/2017\/12\/FB_IMG_1511773663422-169x300.jpg\" alt=\"\" width=\"169\" height=\"300\" srcset=\"https:\/\/www.martina-tegtmeier.de\/wp-content\/uploads\/2017\/12\/FB_IMG_1511773663422-169x300.jpg 169w, https:\/\/www.martina-tegtmeier.de\/wp-content\/uploads\/2017\/12\/FB_IMG_1511773663422-768x1365.jpg 768w, https:\/\/www.martina-tegtmeier.de\/wp-content\/uploads\/2017\/12\/FB_IMG_1511773663422-576x1024.jpg 576w, https:\/\/www.martina-tegtmeier.de\/wp-content\/uploads\/2017\/12\/FB_IMG_1511773663422.jpg 1152w\" sizes=\"auto, (max-width: 169px) 100vw, 169px\" \/><\/p>\n<p>&nbsp;<\/p>\n<p>&nbsp;<\/p>\n<p>&nbsp;<\/p>\n<p>&nbsp;<\/p>\n<p>&nbsp;<\/p>\n<p>&nbsp;<\/p>\n<p>&nbsp;<\/p>\n<p>Insbesondere das Thema Seniorensicherheit stand im Fokus der Konferenz, an der rund 50 Seniorinnen und Senioren aus dem ganzen Landkreis teilnahmen. Frau Karla Kr\u00fcger,\u00a0 Beigeordnete der Landr\u00e4tin, informierte in einem Gru\u00dfwort \u00fcber aktuelle soziale Themen im Landkreis.<\/p>\n<p>Auch das Interesse der Seniorinnen und Senioren in Bezug auf m\u00f6gliche Steuerf\u00e4lligkeiten beim Rentenbezug konnte gestillt werden.<\/p>\n","protected":false},"excerpt":{"rendered":"<p>Seniorenkonferenz wieder voller Erfolg &nbsp; &nbsp; &nbsp; &nbsp; &nbsp; &nbsp; &nbsp; Insbesondere das Thema Seniorensicherheit stand im Fokus der Konferenz, an der rund 50 Seniorinnen und Senioren aus dem ganzen Landkreis teilnahmen. Frau Karla Kr\u00fcger,\u00a0 Beigeordnete der Landr\u00e4tin, informierte in &hellip; <a href=\"https:\/\/www.martina-tegtmeier.de\/?p=1343\">Weiterlesen <span class=\"meta-nav\">&rarr;<\/span><\/a><\/p>\n","protected":false},"author":1,"featured_media":0,"comment_status":"closed","ping_status":"closed","sticky":false,"template":"","format":"standard","meta":{"footnotes":""},"categories":[9],"tags":[],"class_list":["post-1343","post","type-post","status-publish","format-standard","hentry","category-aktivitaeten"],"_links":{"self":[{"href":"https:\/\/www.martina-tegtmeier.de\/index.php?rest_route=\/wp\/v2\/posts\/1343","targetHints":{"allow":["GET"]}}],"collection":[{"href":"https:\/\/www.martina-tegtmeier.de\/index.php?rest_route=\/wp\/v2\/posts"}],"about":[{"href":"https:\/\/www.martina-tegtmeier.de\/index.php?rest_route=\/wp\/v2\/types\/post"}],"author":[{"embeddable":true,"href":"https:\/\/www.martina-tegtmeier.de\/index.php?rest_route=\/wp\/v2\/users\/1"}],"replies":[{"embeddable":true,"href":"https:\/\/www.martina-tegtmeier.de\/index.php?rest_route=%2Fwp%2Fv2%2Fcomments&post=1343"}],"version-history":[{"count":1,"href":"https:\/\/www.martina-tegtmeier.de\/index.php?rest_route=\/wp\/v2\/posts\/1343\/revisions"}],"predecessor-version":[{"id":1346,"href":"https:\/\/www.martina-tegtmeier.de\/index.php?rest_route=\/wp\/v2\/posts\/1343\/revisions\/1346"}],"wp:attachment":[{"href":"https:\/\/www.martina-tegtmeier.de\/index.php?rest_route=%2Fwp%2Fv2%2Fmedia&parent=1343"}],"wp:term":[{"taxonomy":"category","embeddable":true,"href":"https:\/\/www.martina-tegtmeier.de\/index.php?rest_route=%2Fwp%2Fv2%2Fcategories&post=1343"},{"taxonomy":"post_tag","embeddable":true,"href":"https:\/\/www.martina-tegtmeier.de\/index.php?rest_route=%2Fwp%2Fv2%2Ftags&post=1343"}],"curies":[{"name":"wp","href":"https:\/\/api.w.org\/{rel}","templated":true}]}}