{"id":1406,"date":"2018-05-25T17:43:07","date_gmt":"2018-05-25T17:43:07","guid":{"rendered":"https:\/\/www.martina-tegtmeier.de\/?p=1406"},"modified":"2018-06-02T13:20:39","modified_gmt":"2018-06-02T13:20:39","slug":"landesparteitag-der-spd","status":"publish","type":"post","link":"https:\/\/www.martina-tegtmeier.de\/?p=1406","title":{"rendered":"Landesparteitag der SPD"},"content":{"rendered":"<h3>SPD packt aktuelle Themen an<\/h3>\n<p>W\u00e4hrend eines au\u00dferordentlichen Parteitags in Golchen beschloss die SPD u. a. zwei Leitantr\u00e4ge. Ein Leitantrag, der mit gro\u00dfer Mehrheit beschlossen wurde, gibt die Richtschnur f\u00fcr die zuk\u00fcnftige Arbeit der SPD nach innen wie nach au\u00dfen vor.<\/p>\n<div id=\"attachment_1410\" style=\"width: 4042px\" class=\"wp-caption alignnone\"><img loading=\"lazy\" decoding=\"async\" aria-describedby=\"caption-attachment-1410\" class=\"wp-image-1410 size-full\" src=\"https:\/\/www.martina-tegtmeier.de\/wp-content\/uploads\/2018\/06\/20180526_103825-e1527940088365.jpg\" alt=\"\" width=\"4032\" height=\"3024\" srcset=\"https:\/\/www.martina-tegtmeier.de\/wp-content\/uploads\/2018\/06\/20180526_103825-e1527940088365.jpg 4032w, https:\/\/www.martina-tegtmeier.de\/wp-content\/uploads\/2018\/06\/20180526_103825-e1527940088365-300x225.jpg 300w, https:\/\/www.martina-tegtmeier.de\/wp-content\/uploads\/2018\/06\/20180526_103825-e1527940088365-768x576.jpg 768w, https:\/\/www.martina-tegtmeier.de\/wp-content\/uploads\/2018\/06\/20180526_103825-e1527940088365-1024x768.jpg 1024w\" sizes=\"auto, (max-width: 4032px) 100vw, 4032px\" \/><p id=\"caption-attachment-1410\" class=\"wp-caption-text\">Vordergrund: Manuela Schwesig<\/p><\/div>\n<p>&nbsp;<\/p>\n<p>Der zweite Leitantrag nimmt die Herausforderungen der Digitalisierung f\u00fcr Mecklenburg-Vorpommern auf. Die Aussprache dazu wurde mit einer Podiumsdiskussion eingeleitet.<\/p>\n<div id=\"attachment_1409\" style=\"width: 4042px\" class=\"wp-caption alignleft\"><img loading=\"lazy\" decoding=\"async\" aria-describedby=\"caption-attachment-1409\" class=\"wp-image-1409 size-full\" src=\"https:\/\/www.martina-tegtmeier.de\/wp-content\/uploads\/2018\/06\/20180526_145604-e1527940396743.jpg\" alt=\"\" width=\"4032\" height=\"3024\" srcset=\"https:\/\/www.martina-tegtmeier.de\/wp-content\/uploads\/2018\/06\/20180526_145604-e1527940396743.jpg 4032w, https:\/\/www.martina-tegtmeier.de\/wp-content\/uploads\/2018\/06\/20180526_145604-e1527940396743-300x225.jpg 300w, https:\/\/www.martina-tegtmeier.de\/wp-content\/uploads\/2018\/06\/20180526_145604-e1527940396743-768x576.jpg 768w, https:\/\/www.martina-tegtmeier.de\/wp-content\/uploads\/2018\/06\/20180526_145604-e1527940396743-1024x768.jpg 1024w\" sizes=\"auto, (max-width: 4032px) 100vw, 4032px\" \/><p id=\"caption-attachment-1409\" class=\"wp-caption-text\">Erkennen Sie ihn? J\u00f6rg Klingohr, alias &#8222;Bauer Korl&#8220;<\/p><\/div>\n<p>&nbsp;<\/p>\n<p>&nbsp;<\/p>\n<p>&nbsp;<\/p>\n<p>&nbsp;<\/p>\n<p>&nbsp;<\/p>\n<p>&nbsp;<\/p>\n<p>&nbsp;<\/p>\n<p>&nbsp;<\/p>\n<p>&nbsp;<\/p>\n<p>&nbsp;<\/p>\n<p>&nbsp;<\/p>\n<p>&nbsp;<\/p>\n<p>Weitere Informationen finden Sie auf den <a href=\"http:\/\/www.spd-mv.de\" target=\"_blank\" rel=\"noopener\">Seiten der Landes-SPD<\/a>.<\/p>\n","protected":false},"excerpt":{"rendered":"<p>SPD packt aktuelle Themen an W\u00e4hrend eines au\u00dferordentlichen Parteitags in Golchen beschloss die SPD u. a. zwei Leitantr\u00e4ge. Ein Leitantrag, der mit gro\u00dfer Mehrheit beschlossen wurde, gibt die Richtschnur f\u00fcr die zuk\u00fcnftige Arbeit der SPD nach innen wie nach au\u00dfen &hellip; <a href=\"https:\/\/www.martina-tegtmeier.de\/?p=1406\">Weiterlesen <span class=\"meta-nav\">&rarr;<\/span><\/a><\/p>\n","protected":false},"author":1,"featured_media":0,"comment_status":"closed","ping_status":"closed","sticky":false,"template":"","format":"standard","meta":{"footnotes":""},"categories":[9],"tags":[],"class_list":["post-1406","post","type-post","status-publish","format-standard","hentry","category-aktivitaeten"],"_links":{"self":[{"href":"https:\/\/www.martina-tegtmeier.de\/index.php?rest_route=\/wp\/v2\/posts\/1406","targetHints":{"allow":["GET"]}}],"collection":[{"href":"https:\/\/www.martina-tegtmeier.de\/index.php?rest_route=\/wp\/v2\/posts"}],"about":[{"href":"https:\/\/www.martina-tegtmeier.de\/index.php?rest_route=\/wp\/v2\/types\/post"}],"author":[{"embeddable":true,"href":"https:\/\/www.martina-tegtmeier.de\/index.php?rest_route=\/wp\/v2\/users\/1"}],"replies":[{"embeddable":true,"href":"https:\/\/www.martina-tegtmeier.de\/index.php?rest_route=%2Fwp%2Fv2%2Fcomments&post=1406"}],"version-history":[{"count":3,"href":"https:\/\/www.martina-tegtmeier.de\/index.php?rest_route=\/wp\/v2\/posts\/1406\/revisions"}],"predecessor-version":[{"id":1418,"href":"https:\/\/www.martina-tegtmeier.de\/index.php?rest_route=\/wp\/v2\/posts\/1406\/revisions\/1418"}],"wp:attachment":[{"href":"https:\/\/www.martina-tegtmeier.de\/index.php?rest_route=%2Fwp%2Fv2%2Fmedia&parent=1406"}],"wp:term":[{"taxonomy":"category","embeddable":true,"href":"https:\/\/www.martina-tegtmeier.de\/index.php?rest_route=%2Fwp%2Fv2%2Fcategories&post=1406"},{"taxonomy":"post_tag","embeddable":true,"href":"https:\/\/www.martina-tegtmeier.de\/index.php?rest_route=%2Fwp%2Fv2%2Ftags&post=1406"}],"curies":[{"name":"wp","href":"https:\/\/api.w.org\/{rel}","templated":true}]}}