{"id":1465,"date":"2018-11-28T17:33:39","date_gmt":"2018-11-28T17:33:39","guid":{"rendered":"https:\/\/www.martina-tegtmeier.de\/?p=1465"},"modified":"2019-01-06T17:49:31","modified_gmt":"2019-01-06T17:49:31","slug":"flagge-zeigen-gegen-gewalt","status":"publish","type":"post","link":"https:\/\/www.martina-tegtmeier.de\/?p=1465","title":{"rendered":"Flagge zeigen gegen Gewalt"},"content":{"rendered":"<h3>Nordwestmecklenburg zeigt Flagge gegen Gewalt an Frauen<\/h3>\n<p><img loading=\"lazy\" decoding=\"async\" class=\"alignleft wp-image-1466\" src=\"https:\/\/www.martina-tegtmeier.de\/wp-content\/uploads\/2019\/01\/IMG-20181128-WA0002.jpg\" alt=\"\" width=\"384\" height=\"513\" srcset=\"https:\/\/www.martina-tegtmeier.de\/wp-content\/uploads\/2019\/01\/IMG-20181128-WA0002.jpg 720w, https:\/\/www.martina-tegtmeier.de\/wp-content\/uploads\/2019\/01\/IMG-20181128-WA0002-225x300.jpg 225w\" sizes=\"auto, (max-width: 384px) 100vw, 384px\" \/><\/p>\n<p>&nbsp;<\/p>\n<p>&nbsp;<\/p>\n<p>In diesem Jahr &#8211; von der Gleichstellungsbeauftragten Frau Simone J\u00fcr\u00df organisiert &#8211; fand im Rahmen der &#8222;Antigewaltwoche&#8220; eine Fachkonferenz rund um das Thema &#8222;Gewalt&#8220; statt.<\/p>\n<p>Vor Beginn der Veranstaltung wurde traditionsgem\u00e4\u00df vor der Malzfabrik durch unsere Landr\u00e4tin Kerstin Weiss die symboltr\u00e4chtige &#8222;Anti-Gewalt-Flagge&#8220; gehisst.<\/p>\n","protected":false},"excerpt":{"rendered":"<p>Nordwestmecklenburg zeigt Flagge gegen Gewalt an Frauen &nbsp; &nbsp; In diesem Jahr &#8211; von der Gleichstellungsbeauftragten Frau Simone J\u00fcr\u00df organisiert &#8211; fand im Rahmen der &#8222;Antigewaltwoche&#8220; eine Fachkonferenz rund um das Thema &#8222;Gewalt&#8220; statt. Vor Beginn der Veranstaltung wurde traditionsgem\u00e4\u00df &hellip; <a href=\"https:\/\/www.martina-tegtmeier.de\/?p=1465\">Weiterlesen <span class=\"meta-nav\">&rarr;<\/span><\/a><\/p>\n","protected":false},"author":1,"featured_media":0,"comment_status":"closed","ping_status":"closed","sticky":false,"template":"","format":"standard","meta":{"footnotes":""},"categories":[9,1],"tags":[],"class_list":["post-1465","post","type-post","status-publish","format-standard","hentry","category-aktivitaeten","category-allgemein"],"_links":{"self":[{"href":"https:\/\/www.martina-tegtmeier.de\/index.php?rest_route=\/wp\/v2\/posts\/1465","targetHints":{"allow":["GET"]}}],"collection":[{"href":"https:\/\/www.martina-tegtmeier.de\/index.php?rest_route=\/wp\/v2\/posts"}],"about":[{"href":"https:\/\/www.martina-tegtmeier.de\/index.php?rest_route=\/wp\/v2\/types\/post"}],"author":[{"embeddable":true,"href":"https:\/\/www.martina-tegtmeier.de\/index.php?rest_route=\/wp\/v2\/users\/1"}],"replies":[{"embeddable":true,"href":"https:\/\/www.martina-tegtmeier.de\/index.php?rest_route=%2Fwp%2Fv2%2Fcomments&post=1465"}],"version-history":[{"count":1,"href":"https:\/\/www.martina-tegtmeier.de\/index.php?rest_route=\/wp\/v2\/posts\/1465\/revisions"}],"predecessor-version":[{"id":1467,"href":"https:\/\/www.martina-tegtmeier.de\/index.php?rest_route=\/wp\/v2\/posts\/1465\/revisions\/1467"}],"wp:attachment":[{"href":"https:\/\/www.martina-tegtmeier.de\/index.php?rest_route=%2Fwp%2Fv2%2Fmedia&parent=1465"}],"wp:term":[{"taxonomy":"category","embeddable":true,"href":"https:\/\/www.martina-tegtmeier.de\/index.php?rest_route=%2Fwp%2Fv2%2Fcategories&post=1465"},{"taxonomy":"post_tag","embeddable":true,"href":"https:\/\/www.martina-tegtmeier.de\/index.php?rest_route=%2Fwp%2Fv2%2Ftags&post=1465"}],"curies":[{"name":"wp","href":"https:\/\/api.w.org\/{rel}","templated":true}]}}