{"id":1487,"date":"2019-01-21T10:02:14","date_gmt":"2019-01-21T10:02:14","guid":{"rendered":"https:\/\/www.martina-tegtmeier.de\/?p=1487"},"modified":"2019-07-24T07:44:11","modified_gmt":"2019-07-24T07:44:11","slug":"neujahrsempfaenge-in-grevesmuehlen-und-in-luetzow","status":"publish","type":"post","link":"https:\/\/www.martina-tegtmeier.de\/?p=1487","title":{"rendered":"Neujahrsempf\u00e4nge in Grevesm\u00fchlen, Gadebusch und in L\u00fctzow"},"content":{"rendered":"<p>Neujahrsempf\u00e4nge zu Beginn eines Jahres sind immer gute Gelegenheiten um mit B\u00fcrger*innen ins Gespr\u00e4ch zu kommen und \u00fcber Erreichtes und Kommendes zu sprechen und auszuloten, wo man k\u00fcnftig noch genauer hinschauen sollte.<br \/>\nAm Donnerstag war ich beim Neujahrsempfang des SPD- Kreisverbandes Nordwestmecklenburg-Wismar in Grevesm\u00fchlen.<br \/>\nDort wurden einer langen Tradition zu Folge, &#8222;Ehrenamtler&#8220; f\u00fcr ihr gro\u00dfes Engagement ausgezeichnet. In diesem Jahr wurde das Kinder-und Jugendparlament der Hansestadt Wismar ausgezeichnet. Gro\u00dfe Anerkennung wurde ihrem beispielhaften Eintreten f\u00fcr\u00a0 ein soziales und vor allem aktives Miteinander in der Hansestadt Wismar gezollt.<br \/>\nGeehrt wurde auch Torsten Hasenbein. Der Mitarbeiter des Technischen Service des DRK-Kreisverbandes wurde f\u00fcr sein ehrenamtliches Engagement in der Medical Task Force (MTF) ausgezeichnet. Seit 2013, der Gr\u00fcndung des St\u00fctzpunktes im DRK-Krankenhaus an der Kl\u00fctzer Stra\u00dfe, ist der Grevesm\u00fchlener als Kraftfahrer dabei.<\/p>\n<p>Am Freitag war ich gemeinsam mit unserem Kandidaten f\u00fcr die anstehende Kommunalwahl in Gadebusch, Philipp Bork, auf dem Neujahrsempfang der Stadt Gadebusch. Bereits am Donnerstag w\u00fcnschte unsere Ministerpr\u00e4sidentin Manuela Schwesig, Philipp viel Erfolg bei den Wahlen am 26.Mai.<\/p>\n<p>Den Reigen der Neujahrsempf\u00e4nge schloss dann der Neujahrsempfang der Gemeinde L\u00fctzow. Dort war ich auf Einladung des B\u00fcrgermeisters Herrn Tino Waldraff, gemeinsam mit der Landr\u00e4tin von Nordwestmecklenburg Frau Kerstin Weiss zugegen.<br \/>\nHerr Hugo Dorendorf wurde beim Empfang des B\u00fcrgermeisters mit der Ehrennadel der Gemeinde ausgezeichnet. Herr Dorendorf ist fast 64 Jahre Mitglied der Feuerwehr L\u00fctzow und stand dieser auch lange Zeit als Wehr- und Amtswehrf\u00fchrer vor.<br \/>\nIch nahm den Neujahrsempfang gleich zum Anlass, um in Person von Karin Tews als Vorsitzende, die Volkssolidarit\u00e4tsgruppe L\u00fctzow, zu einer Landtagsfahrt am 12. April ins Schloss nach Schwerin einzuladen.<\/p>\n<p><a href=\"https:\/\/www.martina-tegtmeier.de\/wp-content\/uploads\/2019\/07\/FB_IMG_1563872957198.jpg\"><img loading=\"lazy\" decoding=\"async\" class=\"alignnone size-medium wp-image-1488\" src=\"https:\/\/www.martina-tegtmeier.de\/wp-content\/uploads\/2019\/07\/FB_IMG_1563872957198-300x200.jpg\" alt=\"\" width=\"300\" height=\"200\" srcset=\"https:\/\/www.martina-tegtmeier.de\/wp-content\/uploads\/2019\/07\/FB_IMG_1563872957198-300x200.jpg 300w, https:\/\/www.martina-tegtmeier.de\/wp-content\/uploads\/2019\/07\/FB_IMG_1563872957198-768x513.jpg 768w, https:\/\/www.martina-tegtmeier.de\/wp-content\/uploads\/2019\/07\/FB_IMG_1563872957198-1024x684.jpg 1024w, https:\/\/www.martina-tegtmeier.de\/wp-content\/uploads\/2019\/07\/FB_IMG_1563872957198.jpg 1438w\" sizes=\"auto, (max-width: 300px) 100vw, 300px\" \/> <\/a><a href=\"https:\/\/www.martina-tegtmeier.de\/wp-content\/uploads\/2019\/07\/FB_IMG_1563872957198.jpg\">\u00a0\u00a0\u00a0\u00a0\u00a0 <\/a><a href=\"https:\/\/www.martina-tegtmeier.de\/wp-content\/uploads\/2019\/07\/FB_IMG_1563872970114.jpg\"><img loading=\"lazy\" decoding=\"async\" class=\"alignnone size-medium wp-image-1489\" src=\"https:\/\/www.martina-tegtmeier.de\/wp-content\/uploads\/2019\/07\/FB_IMG_1563872970114-300x190.jpg\" alt=\"\" width=\"300\" height=\"190\" srcset=\"https:\/\/www.martina-tegtmeier.de\/wp-content\/uploads\/2019\/07\/FB_IMG_1563872970114-300x190.jpg 300w, https:\/\/www.martina-tegtmeier.de\/wp-content\/uploads\/2019\/07\/FB_IMG_1563872970114-768x485.jpg 768w, https:\/\/www.martina-tegtmeier.de\/wp-content\/uploads\/2019\/07\/FB_IMG_1563872970114-1024x647.jpg 1024w, https:\/\/www.martina-tegtmeier.de\/wp-content\/uploads\/2019\/07\/FB_IMG_1563872970114.jpg 1139w\" sizes=\"auto, (max-width: 300px) 100vw, 300px\" \/> \u00a0 <\/a><a href=\"https:\/\/www.martina-tegtmeier.de\/wp-content\/uploads\/2019\/07\/FB_IMG_1563872960575.jpg\"><img loading=\"lazy\" decoding=\"async\" class=\"alignnone size-medium wp-image-1490\" src=\"https:\/\/www.martina-tegtmeier.de\/wp-content\/uploads\/2019\/07\/FB_IMG_1563872960575-300x169.jpg\" alt=\"\" width=\"300\" height=\"169\" srcset=\"https:\/\/www.martina-tegtmeier.de\/wp-content\/uploads\/2019\/07\/FB_IMG_1563872960575-300x169.jpg 300w, https:\/\/www.martina-tegtmeier.de\/wp-content\/uploads\/2019\/07\/FB_IMG_1563872960575-768x432.jpg 768w, https:\/\/www.martina-tegtmeier.de\/wp-content\/uploads\/2019\/07\/FB_IMG_1563872960575-1024x576.jpg 1024w, https:\/\/www.martina-tegtmeier.de\/wp-content\/uploads\/2019\/07\/FB_IMG_1563872960575.jpg 1137w\" sizes=\"auto, (max-width: 300px) 100vw, 300px\" \/><\/a><\/p>\n","protected":false},"excerpt":{"rendered":"<p>Neujahrsempf\u00e4nge zu Beginn eines Jahres sind immer gute Gelegenheiten um mit B\u00fcrger*innen ins Gespr\u00e4ch zu kommen und \u00fcber Erreichtes und Kommendes zu sprechen und auszuloten, wo man k\u00fcnftig noch genauer hinschauen sollte. Am Donnerstag war ich beim Neujahrsempfang des SPD- &hellip; <a href=\"https:\/\/www.martina-tegtmeier.de\/?p=1487\">Weiterlesen <span class=\"meta-nav\">&rarr;<\/span><\/a><\/p>\n","protected":false},"author":2,"featured_media":0,"comment_status":"closed","ping_status":"closed","sticky":false,"template":"","format":"gallery","meta":{"footnotes":""},"categories":[9],"tags":[],"class_list":["post-1487","post","type-post","status-publish","format-gallery","hentry","category-aktivitaeten","post_format-post-format-gallery"],"_links":{"self":[{"href":"https:\/\/www.martina-tegtmeier.de\/index.php?rest_route=\/wp\/v2\/posts\/1487","targetHints":{"allow":["GET"]}}],"collection":[{"href":"https:\/\/www.martina-tegtmeier.de\/index.php?rest_route=\/wp\/v2\/posts"}],"about":[{"href":"https:\/\/www.martina-tegtmeier.de\/index.php?rest_route=\/wp\/v2\/types\/post"}],"author":[{"embeddable":true,"href":"https:\/\/www.martina-tegtmeier.de\/index.php?rest_route=\/wp\/v2\/users\/2"}],"replies":[{"embeddable":true,"href":"https:\/\/www.martina-tegtmeier.de\/index.php?rest_route=%2Fwp%2Fv2%2Fcomments&post=1487"}],"version-history":[{"count":9,"href":"https:\/\/www.martina-tegtmeier.de\/index.php?rest_route=\/wp\/v2\/posts\/1487\/revisions"}],"predecessor-version":[{"id":1544,"href":"https:\/\/www.martina-tegtmeier.de\/index.php?rest_route=\/wp\/v2\/posts\/1487\/revisions\/1544"}],"wp:attachment":[{"href":"https:\/\/www.martina-tegtmeier.de\/index.php?rest_route=%2Fwp%2Fv2%2Fmedia&parent=1487"}],"wp:term":[{"taxonomy":"category","embeddable":true,"href":"https:\/\/www.martina-tegtmeier.de\/index.php?rest_route=%2Fwp%2Fv2%2Fcategories&post=1487"},{"taxonomy":"post_tag","embeddable":true,"href":"https:\/\/www.martina-tegtmeier.de\/index.php?rest_route=%2Fwp%2Fv2%2Ftags&post=1487"}],"curies":[{"name":"wp","href":"https:\/\/api.w.org\/{rel}","templated":true}]}}