{"id":1495,"date":"2019-02-15T10:26:35","date_gmt":"2019-02-15T10:26:35","guid":{"rendered":"https:\/\/www.martina-tegtmeier.de\/?p=1495"},"modified":"2019-07-24T07:01:16","modified_gmt":"2019-07-24T07:01:16","slug":"uebergabe-des-foerderbescheides-an-den-poeler-sv-1923-e-v","status":"publish","type":"post","link":"https:\/\/www.martina-tegtmeier.de\/?p=1495","title":{"rendered":"\u00dcbergabe des F\u00f6rderbescheides an den Poeler SV 1923 e.V."},"content":{"rendered":"<p>Gestern konnte ich gemeinsam mit der Ministerin f\u00fcr Bildung, Wissenschaft und Kultur Mecklenburg Vorpommern, Birgit Hesse, der Initiatorin Aenne M\u00f6ller und Ines Griesberg einen Zuwendungsbescheid des Landes Mecklenburg Vorpommern zur F\u00f6rderung besonderer wegweisender Projekte im Bereich des Sports aus dem Strategiefonds \u00fcbergeben. Die F\u00f6rdermittel in H\u00f6he von 19.180,10 Euro dienen dem Erwerb eines Drachenbootes einschlie\u00dflich Trailer. Der F\u00f6rdermittelbescheid wurde dem\u00a0 Vereinsvorsitzenden des Poeler SV 1923 e. V. Herrn Torsten Paetzold \u00fcbergeben.<\/p>\n<p>Bisher mussten die Poeler immer nach Warin fahren, um zu trainieren. Jetzt k\u00f6nnen sie bald mit dem eigenen Drachenboot auf der Kirchsee ins Wasser stechen. Ich w\u00fcnsche alle Drachenboot-Begeisterten auf Poel viel Spa\u00df und Erfolg mit dem neuen Boot!<\/p>\n<p><a href=\"https:\/\/www.martina-tegtmeier.de\/wp-content\/uploads\/2019\/07\/FB_IMG_1563872916419.jpg\"><img loading=\"lazy\" decoding=\"async\" class=\"alignnone size-medium wp-image-1498\" src=\"https:\/\/www.martina-tegtmeier.de\/wp-content\/uploads\/2019\/07\/FB_IMG_1563872916419-300x169.jpg\" alt=\"\" width=\"300\" height=\"169\" srcset=\"https:\/\/www.martina-tegtmeier.de\/wp-content\/uploads\/2019\/07\/FB_IMG_1563872916419-300x169.jpg 300w, https:\/\/www.martina-tegtmeier.de\/wp-content\/uploads\/2019\/07\/FB_IMG_1563872916419-768x432.jpg 768w, https:\/\/www.martina-tegtmeier.de\/wp-content\/uploads\/2019\/07\/FB_IMG_1563872916419-1024x576.jpg 1024w, https:\/\/www.martina-tegtmeier.de\/wp-content\/uploads\/2019\/07\/FB_IMG_1563872916419.jpg 1137w\" sizes=\"auto, (max-width: 300px) 100vw, 300px\" \/><\/a><\/p>\n","protected":false},"excerpt":{"rendered":"<p>Gestern konnte ich gemeinsam mit der Ministerin f\u00fcr Bildung, Wissenschaft und Kultur Mecklenburg Vorpommern, Birgit Hesse, der Initiatorin Aenne M\u00f6ller und Ines Griesberg einen Zuwendungsbescheid des Landes Mecklenburg Vorpommern zur F\u00f6rderung besonderer wegweisender Projekte im Bereich des Sports aus dem &hellip; <a href=\"https:\/\/www.martina-tegtmeier.de\/?p=1495\">Weiterlesen <span class=\"meta-nav\">&rarr;<\/span><\/a><\/p>\n","protected":false},"author":2,"featured_media":0,"comment_status":"closed","ping_status":"closed","sticky":false,"template":"","format":"standard","meta":{"footnotes":""},"categories":[9],"tags":[],"class_list":["post-1495","post","type-post","status-publish","format-standard","hentry","category-aktivitaeten"],"_links":{"self":[{"href":"https:\/\/www.martina-tegtmeier.de\/index.php?rest_route=\/wp\/v2\/posts\/1495","targetHints":{"allow":["GET"]}}],"collection":[{"href":"https:\/\/www.martina-tegtmeier.de\/index.php?rest_route=\/wp\/v2\/posts"}],"about":[{"href":"https:\/\/www.martina-tegtmeier.de\/index.php?rest_route=\/wp\/v2\/types\/post"}],"author":[{"embeddable":true,"href":"https:\/\/www.martina-tegtmeier.de\/index.php?rest_route=\/wp\/v2\/users\/2"}],"replies":[{"embeddable":true,"href":"https:\/\/www.martina-tegtmeier.de\/index.php?rest_route=%2Fwp%2Fv2%2Fcomments&post=1495"}],"version-history":[{"count":3,"href":"https:\/\/www.martina-tegtmeier.de\/index.php?rest_route=\/wp\/v2\/posts\/1495\/revisions"}],"predecessor-version":[{"id":1532,"href":"https:\/\/www.martina-tegtmeier.de\/index.php?rest_route=\/wp\/v2\/posts\/1495\/revisions\/1532"}],"wp:attachment":[{"href":"https:\/\/www.martina-tegtmeier.de\/index.php?rest_route=%2Fwp%2Fv2%2Fmedia&parent=1495"}],"wp:term":[{"taxonomy":"category","embeddable":true,"href":"https:\/\/www.martina-tegtmeier.de\/index.php?rest_route=%2Fwp%2Fv2%2Fcategories&post=1495"},{"taxonomy":"post_tag","embeddable":true,"href":"https:\/\/www.martina-tegtmeier.de\/index.php?rest_route=%2Fwp%2Fv2%2Ftags&post=1495"}],"curies":[{"name":"wp","href":"https:\/\/api.w.org\/{rel}","templated":true}]}}