{"id":1555,"date":"2019-08-12T08:10:56","date_gmt":"2019-08-12T08:10:56","guid":{"rendered":"https:\/\/www.martina-tegtmeier.de\/?p=1555"},"modified":"2019-08-30T09:37:57","modified_gmt":"2019-08-30T09:37:57","slug":"vertragsuterzeichnung-zur-umsetzung-des-gute-kita-gesetzes-in-m-v","status":"publish","type":"post","link":"https:\/\/www.martina-tegtmeier.de\/?p=1555","title":{"rendered":"Vertragsunterzeichnung zur Umsetzung des Gute-KiTa-Gesetzes in M-V"},"content":{"rendered":"<p>Bundesfamilienministerin Dr. Franziska Giffey, Ministerpr\u00e4sidentin Manuela Schwesig und Landessozialministerin Stefanie Drese haben heute in Schwerin den Vertrag zur Umsetzung des Gute-KiTa-Gesetzes in M-V unterzeichnet. Das Land erh\u00e4lt dadurch bis 2022 rund 106 Millionen Euro zur Verbesserung der Kinderbetreuung. Das Land wird die Mittel zusammen mit Eigenmitteln in erster Linie f\u00fcr die vollst\u00e4ndige Abschaffung der Elternbeitr\u00e4ge einsetzen. Rund 110.000 Kinder und ihre Eltern sollen von der<span class=\"textexposedshow\"> Abschaffung der Elternbeitr\u00e4ge profitieren. <\/span><\/p>\n<p>Der Unterzeichnung des Vertrages wohnten u. a. Abgeordnete, Landr\u00e4te, B\u00fcrgermeister und Tr\u00e4ger von Kindertageseinrichtungen bei, darunter auch ich, als\u00a0 stellv. Fraktionsvorsitzende. Kinder der Schweriner Kita &#8222;Schlossgeister&#8220; zeigten mit einem fr\u00f6hlichen Kulturprogramm ganz praktisch, was gute Kita leisten kann.<\/p>\n<p>Auch unser Bundestagsabgeordneter Frank Junge war zugegen.<a href=\"https:\/\/www.martina-tegtmeier.de\/wp-content\/uploads\/2019\/08\/FB_IMG_1566460476119.jpg\"><img loading=\"lazy\" decoding=\"async\" class=\"alignnone size-medium wp-image-1556\" src=\"https:\/\/www.martina-tegtmeier.de\/wp-content\/uploads\/2019\/08\/FB_IMG_1566460476119-300x245.jpg\" alt=\"\" width=\"300\" height=\"245\" srcset=\"https:\/\/www.martina-tegtmeier.de\/wp-content\/uploads\/2019\/08\/FB_IMG_1566460476119-300x245.jpg 300w, https:\/\/www.martina-tegtmeier.de\/wp-content\/uploads\/2019\/08\/FB_IMG_1566460476119-768x628.jpg 768w, https:\/\/www.martina-tegtmeier.de\/wp-content\/uploads\/2019\/08\/FB_IMG_1566460476119-1024x837.jpg 1024w, https:\/\/www.martina-tegtmeier.de\/wp-content\/uploads\/2019\/08\/FB_IMG_1566460476119.jpg 1174w\" sizes=\"auto, (max-width: 300px) 100vw, 300px\" \/><\/a><a href=\"https:\/\/www.martina-tegtmeier.de\/wp-content\/uploads\/2019\/08\/FB_IMG_1566460461743.jpg\"><img loading=\"lazy\" decoding=\"async\" class=\"alignnone size-medium wp-image-1557\" src=\"https:\/\/www.martina-tegtmeier.de\/wp-content\/uploads\/2019\/08\/FB_IMG_1566460461743-251x300.jpg\" alt=\"\" width=\"251\" height=\"300\" srcset=\"https:\/\/www.martina-tegtmeier.de\/wp-content\/uploads\/2019\/08\/FB_IMG_1566460461743-251x300.jpg 251w, https:\/\/www.martina-tegtmeier.de\/wp-content\/uploads\/2019\/08\/FB_IMG_1566460461743-768x917.jpg 768w, https:\/\/www.martina-tegtmeier.de\/wp-content\/uploads\/2019\/08\/FB_IMG_1566460461743-857x1024.jpg 857w, https:\/\/www.martina-tegtmeier.de\/wp-content\/uploads\/2019\/08\/FB_IMG_1566460461743.jpg 1091w\" sizes=\"auto, (max-width: 251px) 100vw, 251px\" \/><\/a><a href=\"https:\/\/www.martina-tegtmeier.de\/wp-content\/uploads\/2019\/08\/FB_IMG_1566460486445.jpg\"><img loading=\"lazy\" decoding=\"async\" class=\"alignnone size-medium wp-image-1558\" src=\"https:\/\/www.martina-tegtmeier.de\/wp-content\/uploads\/2019\/08\/FB_IMG_1566460486445-300x238.jpg\" alt=\"\" width=\"300\" height=\"238\" srcset=\"https:\/\/www.martina-tegtmeier.de\/wp-content\/uploads\/2019\/08\/FB_IMG_1566460486445-300x238.jpg 300w, https:\/\/www.martina-tegtmeier.de\/wp-content\/uploads\/2019\/08\/FB_IMG_1566460486445-768x609.jpg 768w, https:\/\/www.martina-tegtmeier.de\/wp-content\/uploads\/2019\/08\/FB_IMG_1566460486445-1024x812.jpg 1024w, https:\/\/www.martina-tegtmeier.de\/wp-content\/uploads\/2019\/08\/FB_IMG_1566460486445.jpg 1211w\" sizes=\"auto, (max-width: 300px) 100vw, 300px\" \/><\/a><\/p>\n<p>Bildquelle: SPD Landtagsfraktion MV<\/p>\n","protected":false},"excerpt":{"rendered":"<p>Bundesfamilienministerin Dr. Franziska Giffey, Ministerpr\u00e4sidentin Manuela Schwesig und Landessozialministerin Stefanie Drese haben heute in Schwerin den Vertrag zur Umsetzung des Gute-KiTa-Gesetzes in M-V unterzeichnet. Das Land erh\u00e4lt dadurch bis 2022 rund 106 Millionen Euro zur Verbesserung der Kinderbetreuung. Das Land &hellip; <a href=\"https:\/\/www.martina-tegtmeier.de\/?p=1555\">Weiterlesen <span class=\"meta-nav\">&rarr;<\/span><\/a><\/p>\n","protected":false},"author":2,"featured_media":0,"comment_status":"closed","ping_status":"closed","sticky":false,"template":"","format":"standard","meta":{"footnotes":""},"categories":[9],"tags":[],"class_list":["post-1555","post","type-post","status-publish","format-standard","hentry","category-aktivitaeten"],"_links":{"self":[{"href":"https:\/\/www.martina-tegtmeier.de\/index.php?rest_route=\/wp\/v2\/posts\/1555","targetHints":{"allow":["GET"]}}],"collection":[{"href":"https:\/\/www.martina-tegtmeier.de\/index.php?rest_route=\/wp\/v2\/posts"}],"about":[{"href":"https:\/\/www.martina-tegtmeier.de\/index.php?rest_route=\/wp\/v2\/types\/post"}],"author":[{"embeddable":true,"href":"https:\/\/www.martina-tegtmeier.de\/index.php?rest_route=\/wp\/v2\/users\/2"}],"replies":[{"embeddable":true,"href":"https:\/\/www.martina-tegtmeier.de\/index.php?rest_route=%2Fwp%2Fv2%2Fcomments&post=1555"}],"version-history":[{"count":4,"href":"https:\/\/www.martina-tegtmeier.de\/index.php?rest_route=\/wp\/v2\/posts\/1555\/revisions"}],"predecessor-version":[{"id":1563,"href":"https:\/\/www.martina-tegtmeier.de\/index.php?rest_route=\/wp\/v2\/posts\/1555\/revisions\/1563"}],"wp:attachment":[{"href":"https:\/\/www.martina-tegtmeier.de\/index.php?rest_route=%2Fwp%2Fv2%2Fmedia&parent=1555"}],"wp:term":[{"taxonomy":"category","embeddable":true,"href":"https:\/\/www.martina-tegtmeier.de\/index.php?rest_route=%2Fwp%2Fv2%2Fcategories&post=1555"},{"taxonomy":"post_tag","embeddable":true,"href":"https:\/\/www.martina-tegtmeier.de\/index.php?rest_route=%2Fwp%2Fv2%2Ftags&post=1555"}],"curies":[{"name":"wp","href":"https:\/\/api.w.org\/{rel}","templated":true}]}}