{"id":1580,"date":"2019-02-07T07:09:29","date_gmt":"2019-02-07T07:09:29","guid":{"rendered":"https:\/\/www.martina-tegtmeier.de\/?p=1580"},"modified":"2019-09-02T07:12:58","modified_gmt":"2019-09-02T07:12:58","slug":"linke-uebt-sich-lieber-im-kritisieren-als-im-gestalten","status":"publish","type":"post","link":"https:\/\/www.martina-tegtmeier.de\/?p=1580","title":{"rendered":"Linke \u00fcbt sich lieber im Kritisieren als im Gestalten"},"content":{"rendered":"<p>Anl\u00e4sslich Kritik der Linksfraktion zum Thema \u201eJugendbeteiligung\u201c erkl\u00e4rt die SPD-Landtagsabgeordnete Martina Tegtmeier:<\/p>\n<p>\u201eDas Wahlalter mit 16 wird von vielen Jugendlichen seit Jahren gefordert. Wir wollen dazu eine Volksbefragung durchf\u00fchren. Die Linke blockiert allerdings die notwendige \u00c4nderung der Landesverfassung. Stattdessen kritisiert die Linke lieber Antworten der Landesregierung und wirft ihr Unt\u00e4tigkeit vor, obwohl vieles schon existiert und derzeit gerade bearbeitet wird. Wenn die Linke wirklich mehr Jugendbeteiligung will, dann sollte sie der Verfassungs\u00e4nderung zustimmen. An diesem Punkt kann die Linke gestalten und nicht nur kritisieren.\u201c<\/p>\n","protected":false},"excerpt":{"rendered":"<p>Anl\u00e4sslich Kritik der Linksfraktion zum Thema \u201eJugendbeteiligung\u201c erkl\u00e4rt die SPD-Landtagsabgeordnete Martina Tegtmeier: \u201eDas Wahlalter mit 16 wird von vielen Jugendlichen seit Jahren gefordert. Wir wollen dazu eine Volksbefragung durchf\u00fchren. Die Linke blockiert allerdings die notwendige \u00c4nderung der Landesverfassung. Stattdessen kritisiert &hellip; <a href=\"https:\/\/www.martina-tegtmeier.de\/?p=1580\">Weiterlesen <span class=\"meta-nav\">&rarr;<\/span><\/a><\/p>\n","protected":false},"author":2,"featured_media":0,"comment_status":"closed","ping_status":"closed","sticky":false,"template":"","format":"standard","meta":{"footnotes":""},"categories":[8],"tags":[],"class_list":["post-1580","post","type-post","status-publish","format-standard","hentry","category-aktuelles"],"_links":{"self":[{"href":"https:\/\/www.martina-tegtmeier.de\/index.php?rest_route=\/wp\/v2\/posts\/1580","targetHints":{"allow":["GET"]}}],"collection":[{"href":"https:\/\/www.martina-tegtmeier.de\/index.php?rest_route=\/wp\/v2\/posts"}],"about":[{"href":"https:\/\/www.martina-tegtmeier.de\/index.php?rest_route=\/wp\/v2\/types\/post"}],"author":[{"embeddable":true,"href":"https:\/\/www.martina-tegtmeier.de\/index.php?rest_route=\/wp\/v2\/users\/2"}],"replies":[{"embeddable":true,"href":"https:\/\/www.martina-tegtmeier.de\/index.php?rest_route=%2Fwp%2Fv2%2Fcomments&post=1580"}],"version-history":[{"count":1,"href":"https:\/\/www.martina-tegtmeier.de\/index.php?rest_route=\/wp\/v2\/posts\/1580\/revisions"}],"predecessor-version":[{"id":1581,"href":"https:\/\/www.martina-tegtmeier.de\/index.php?rest_route=\/wp\/v2\/posts\/1580\/revisions\/1581"}],"wp:attachment":[{"href":"https:\/\/www.martina-tegtmeier.de\/index.php?rest_route=%2Fwp%2Fv2%2Fmedia&parent=1580"}],"wp:term":[{"taxonomy":"category","embeddable":true,"href":"https:\/\/www.martina-tegtmeier.de\/index.php?rest_route=%2Fwp%2Fv2%2Fcategories&post=1580"},{"taxonomy":"post_tag","embeddable":true,"href":"https:\/\/www.martina-tegtmeier.de\/index.php?rest_route=%2Fwp%2Fv2%2Ftags&post=1580"}],"curies":[{"name":"wp","href":"https:\/\/api.w.org\/{rel}","templated":true}]}}