{"id":1602,"date":"2019-09-20T06:46:57","date_gmt":"2019-09-20T06:46:57","guid":{"rendered":"https:\/\/www.martina-tegtmeier.de\/?p=1602"},"modified":"2019-09-26T05:06:27","modified_gmt":"2019-09-26T05:06:27","slug":"100-jahre-volkshochschule-feierstunde-in-gadebusch","status":"publish","type":"post","link":"https:\/\/www.martina-tegtmeier.de\/?p=1602","title":{"rendered":"100 Jahre Volkshochschule &#8211; Feierstunde in Gadebusch"},"content":{"rendered":"<p style=\"margin: 0cm 3.75pt .0001pt 0cm;\">\n<p style=\"margin: 0cm 3.75pt .0001pt 0cm;\"><strong>Zusammenleben \u2013 Zusammenhalten\u00a0\u00a0\u00a0 &#8211; 100 Jahre Volkshochschulen<\/strong><\/p>\n<p style=\"margin: 0cm 3.75pt .0001pt 0cm;\">&#8222;Bildung f\u00fcr alle&#8220; ist der Grundgedanke der Volkshochschulbewegung und aus unserer <a href=\"https:\/\/www.martina-tegtmeier.de\/wp-content\/uploads\/2019\/09\/IMG-20190923-WA0000.jpg\"><img loading=\"lazy\" decoding=\"async\" class=\"alignnone size-medium wp-image-1603\" src=\"https:\/\/www.martina-tegtmeier.de\/wp-content\/uploads\/2019\/09\/IMG-20190923-WA0000-300x225.jpg\" alt=\"\" width=\"300\" height=\"225\" srcset=\"https:\/\/www.martina-tegtmeier.de\/wp-content\/uploads\/2019\/09\/IMG-20190923-WA0000-300x225.jpg 300w, https:\/\/www.martina-tegtmeier.de\/wp-content\/uploads\/2019\/09\/IMG-20190923-WA0000-768x576.jpg 768w, https:\/\/www.martina-tegtmeier.de\/wp-content\/uploads\/2019\/09\/IMG-20190923-WA0000-1024x768.jpg 1024w, https:\/\/www.martina-tegtmeier.de\/wp-content\/uploads\/2019\/09\/IMG-20190923-WA0000.jpg 1600w\" sizes=\"auto, (max-width: 300px) 100vw, 300px\" \/><\/a>Gesellschaft nicht mehr wegzudenken. Denn dieser Grundgedanke ist ein zentraler Pfeiler unserer demokratischen Gesellschaft.<\/p>\n<p style=\"margin: 0cm 3.75pt .0001pt 0cm;\">\u201eWissen teilen\u201c \u2013 das ist das Leitbild der Volkshochschulen in diesem Jubil\u00e4umsjahr.<\/p>\n<p style=\"margin: 0cm 3.75pt .0001pt 0cm;\">Nur wer gut informiert ist, kann auch ausgewogene Entscheidungen treffen. Und wer gut informiert ist, f\u00e4llt auch nicht auf Populisten, Blender oder politische Hetzer herein. Unsere Volkshochschulen haben ein unglaublich breites Spektrum an Angeboten. \u00dcber Gesundheitsvorsorge, Nachholen von Schulabschl\u00fcssen, Seniorenbildung bis hin zur M\u00f6glichkeit, f\u00fcr uns ungew\u00f6hnliche Sprachen zu erlernen, ist alles dabei.<\/p>\n<p style=\"margin: 0cm 3.75pt .0001pt 0cm;\">Volkshochschulen wurden in den letzten hundert Jahren gebraucht und sie werden in den n\u00e4chsten 100 Jahren gebraucht werden, denn sie sind aktueller denn je.<\/p>\n<p style=\"margin: 0cm 3.75pt .0001pt 0cm;\">Unsere Kreisvolkshochschule hat selbst eine bewegte Geschichte hinter sich gebracht: Nach einer schwierigen Anfangszeit in unsch\u00f6nem Ambiente haben wir Umstrukturierungen nach der Kreisgebietsreform im Jahr 2011 und danach einen anfangs sehr umstrittenen Umzug gestaltet.<\/p>\n<p style=\"margin: 0cm 3.75pt .0001pt 0cm;\">An drei Standorten ist die Kreisvolkshochschule in unserem Landkreis pr\u00e4sent und erreichbar. Hier findet sich ein breites Angebot f\u00fcr alle Lebenslagen.<\/p>\n<p style=\"margin: 0cm 3.75pt .0001pt 0cm;\">Die Angebote der Volkshochschulen sind muss niemand annehmen. Menschen, die sie annehmen tun dies freiwillig.\u00a0Und trotzdem &#8211; oder vielleicht gerade darum &#8211; sind die Kurse gut besucht. Dieser Erfolg steht f\u00fcr sich.<\/p>\n<p style=\"margin: 0cm 3.75pt .0001pt 0cm;\">Also \u2013 herzlichen Dank f\u00fcr die wichtige Arbeit und happy Birthday zum 100. Geburtstag.<\/p>\n","protected":false},"excerpt":{"rendered":"<p>Zusammenleben \u2013 Zusammenhalten\u00a0\u00a0\u00a0 &#8211; 100 Jahre Volkshochschulen &#8222;Bildung f\u00fcr alle&#8220; ist der Grundgedanke der Volkshochschulbewegung und aus unserer Gesellschaft nicht mehr wegzudenken. Denn dieser Grundgedanke ist ein zentraler Pfeiler unserer demokratischen Gesellschaft. \u201eWissen teilen\u201c \u2013 das ist das Leitbild der &hellip; <a href=\"https:\/\/www.martina-tegtmeier.de\/?p=1602\">Weiterlesen <span class=\"meta-nav\">&rarr;<\/span><\/a><\/p>\n","protected":false},"author":2,"featured_media":0,"comment_status":"closed","ping_status":"closed","sticky":false,"template":"","format":"standard","meta":{"footnotes":""},"categories":[9],"tags":[],"class_list":["post-1602","post","type-post","status-publish","format-standard","hentry","category-aktivitaeten"],"_links":{"self":[{"href":"https:\/\/www.martina-tegtmeier.de\/index.php?rest_route=\/wp\/v2\/posts\/1602","targetHints":{"allow":["GET"]}}],"collection":[{"href":"https:\/\/www.martina-tegtmeier.de\/index.php?rest_route=\/wp\/v2\/posts"}],"about":[{"href":"https:\/\/www.martina-tegtmeier.de\/index.php?rest_route=\/wp\/v2\/types\/post"}],"author":[{"embeddable":true,"href":"https:\/\/www.martina-tegtmeier.de\/index.php?rest_route=\/wp\/v2\/users\/2"}],"replies":[{"embeddable":true,"href":"https:\/\/www.martina-tegtmeier.de\/index.php?rest_route=%2Fwp%2Fv2%2Fcomments&post=1602"}],"version-history":[{"count":2,"href":"https:\/\/www.martina-tegtmeier.de\/index.php?rest_route=\/wp\/v2\/posts\/1602\/revisions"}],"predecessor-version":[{"id":1613,"href":"https:\/\/www.martina-tegtmeier.de\/index.php?rest_route=\/wp\/v2\/posts\/1602\/revisions\/1613"}],"wp:attachment":[{"href":"https:\/\/www.martina-tegtmeier.de\/index.php?rest_route=%2Fwp%2Fv2%2Fmedia&parent=1602"}],"wp:term":[{"taxonomy":"category","embeddable":true,"href":"https:\/\/www.martina-tegtmeier.de\/index.php?rest_route=%2Fwp%2Fv2%2Fcategories&post=1602"},{"taxonomy":"post_tag","embeddable":true,"href":"https:\/\/www.martina-tegtmeier.de\/index.php?rest_route=%2Fwp%2Fv2%2Ftags&post=1602"}],"curies":[{"name":"wp","href":"https:\/\/api.w.org\/{rel}","templated":true}]}}