{"id":1615,"date":"2019-10-07T06:28:33","date_gmt":"2019-10-07T06:28:33","guid":{"rendered":"https:\/\/www.martina-tegtmeier.de\/?p=1615"},"modified":"2019-10-09T11:08:48","modified_gmt":"2019-10-09T11:08:48","slug":"herbst-tour-in-den-pflegeeinrichtungen-meines-wahlkreises","status":"publish","type":"post","link":"https:\/\/www.martina-tegtmeier.de\/?p=1615","title":{"rendered":"Herbsttour in den Pflegeeinrichtungen meines Wahlkreises&#8230;."},"content":{"rendered":"<p>\u201cWir k\u00f6nnen das Leid dieser Welt nicht abschaffen, aber was wir k\u00f6nnen, ist einander die Tr\u00e4nen abtrocknen.\u201d<\/p>\n<p>&nbsp;<\/p>\n<p>Dieser sch\u00f6ne Gedanke ist der Leitspruch des Kreisverbandes der \u00a0Volkssolidarit\u00e4t Schwerin\/Nordwestmecklenburg e.V.<\/p>\n<p>Heute war ich im Rahmen meiner Herbsttour in der Einrichtung der Volkssolidarit\u00e4t in Gadebusch zu Gast. Die Gesch\u00e4ftsf\u00fchrerin Frau Klemkow und die Leiterin Frau Minde sowie einige Mitarbeiterinnen nahmen sich die Zeit, um auf Probleme in der Pflege aufmerksam zu machen. Dabei wurde es sehr deutlich, mit wie viel Hingabe und Leidenschaft die Pflegefachkr\u00e4fte ihren Beruf aus\u00fcben. Daf\u00fcr geb\u00fchrt ihnen mein h\u00f6chster Respekt und Anerkennung!<\/p>\n<p>Morgen geht meine Tour nach Kalsow und Neukloster, am Mittwoch dann nach Seehof und am 24.10. nach Warin.<\/p>\n<p><a href=\"https:\/\/www.martina-tegtmeier.de\/wp-content\/uploads\/2019\/10\/IMG_20191007_140240.jpg\"><img loading=\"lazy\" decoding=\"async\" class=\"alignnone size-medium wp-image-1616\" src=\"https:\/\/www.martina-tegtmeier.de\/wp-content\/uploads\/2019\/10\/IMG_20191007_140240-300x225.jpg\" alt=\"\" width=\"300\" height=\"225\" srcset=\"https:\/\/www.martina-tegtmeier.de\/wp-content\/uploads\/2019\/10\/IMG_20191007_140240-300x225.jpg 300w, https:\/\/www.martina-tegtmeier.de\/wp-content\/uploads\/2019\/10\/IMG_20191007_140240-768x576.jpg 768w, https:\/\/www.martina-tegtmeier.de\/wp-content\/uploads\/2019\/10\/IMG_20191007_140240-1024x768.jpg 1024w\" sizes=\"auto, (max-width: 300px) 100vw, 300px\" \/>\u00a0 <\/a><a href=\"https:\/\/www.martina-tegtmeier.de\/wp-content\/uploads\/2019\/10\/IMG_20191007_135529.jpg\"><img loading=\"lazy\" decoding=\"async\" class=\"alignnone size-medium wp-image-1617\" src=\"https:\/\/www.martina-tegtmeier.de\/wp-content\/uploads\/2019\/10\/IMG_20191007_135529-225x300.jpg\" alt=\"\" width=\"225\" height=\"300\" srcset=\"https:\/\/www.martina-tegtmeier.de\/wp-content\/uploads\/2019\/10\/IMG_20191007_135529-225x300.jpg 225w, https:\/\/www.martina-tegtmeier.de\/wp-content\/uploads\/2019\/10\/IMG_20191007_135529-768x1024.jpg 768w\" sizes=\"auto, (max-width: 225px) 100vw, 225px\" \/><\/a><\/p>\n","protected":false},"excerpt":{"rendered":"<p>\u201cWir k\u00f6nnen das Leid dieser Welt nicht abschaffen, aber was wir k\u00f6nnen, ist einander die Tr\u00e4nen abtrocknen.\u201d &nbsp; Dieser sch\u00f6ne Gedanke ist der Leitspruch des Kreisverbandes der \u00a0Volkssolidarit\u00e4t Schwerin\/Nordwestmecklenburg e.V. Heute war ich im Rahmen meiner Herbsttour in der Einrichtung &hellip; <a href=\"https:\/\/www.martina-tegtmeier.de\/?p=1615\">Weiterlesen <span class=\"meta-nav\">&rarr;<\/span><\/a><\/p>\n","protected":false},"author":2,"featured_media":0,"comment_status":"closed","ping_status":"closed","sticky":false,"template":"","format":"standard","meta":{"footnotes":""},"categories":[9],"tags":[],"class_list":["post-1615","post","type-post","status-publish","format-standard","hentry","category-aktivitaeten"],"_links":{"self":[{"href":"https:\/\/www.martina-tegtmeier.de\/index.php?rest_route=\/wp\/v2\/posts\/1615","targetHints":{"allow":["GET"]}}],"collection":[{"href":"https:\/\/www.martina-tegtmeier.de\/index.php?rest_route=\/wp\/v2\/posts"}],"about":[{"href":"https:\/\/www.martina-tegtmeier.de\/index.php?rest_route=\/wp\/v2\/types\/post"}],"author":[{"embeddable":true,"href":"https:\/\/www.martina-tegtmeier.de\/index.php?rest_route=\/wp\/v2\/users\/2"}],"replies":[{"embeddable":true,"href":"https:\/\/www.martina-tegtmeier.de\/index.php?rest_route=%2Fwp%2Fv2%2Fcomments&post=1615"}],"version-history":[{"count":4,"href":"https:\/\/www.martina-tegtmeier.de\/index.php?rest_route=\/wp\/v2\/posts\/1615\/revisions"}],"predecessor-version":[{"id":1623,"href":"https:\/\/www.martina-tegtmeier.de\/index.php?rest_route=\/wp\/v2\/posts\/1615\/revisions\/1623"}],"wp:attachment":[{"href":"https:\/\/www.martina-tegtmeier.de\/index.php?rest_route=%2Fwp%2Fv2%2Fmedia&parent=1615"}],"wp:term":[{"taxonomy":"category","embeddable":true,"href":"https:\/\/www.martina-tegtmeier.de\/index.php?rest_route=%2Fwp%2Fv2%2Fcategories&post=1615"},{"taxonomy":"post_tag","embeddable":true,"href":"https:\/\/www.martina-tegtmeier.de\/index.php?rest_route=%2Fwp%2Fv2%2Ftags&post=1615"}],"curies":[{"name":"wp","href":"https:\/\/api.w.org\/{rel}","templated":true}]}}