{"id":1630,"date":"2019-11-04T11:15:50","date_gmt":"2019-11-04T11:15:50","guid":{"rendered":"https:\/\/www.martina-tegtmeier.de\/?p=1630"},"modified":"2019-11-04T11:16:43","modified_gmt":"2019-11-04T11:16:43","slug":"25-jahrestag-der-gruendung-des-landesseniorenbeirates-mecklenburg-vorpommern-e-v-in-banzkow","status":"publish","type":"post","link":"https:\/\/www.martina-tegtmeier.de\/?p=1630","title":{"rendered":"25.Jahrestag der Gr\u00fcndung des Landesseniorenbeirates Mecklenburg Vorpommern e.V. in Banzkow"},"content":{"rendered":"<p><em>Die Festrede bei diesem Jubil\u00e4um hielt unsere Ministerin f\u00fcr Soziales, Integration und Gleichstellung Frau Stefanie Drese.<\/em><\/p>\n<p><em>Gru\u00dfworte gab es u.a. von der Vorstandssprecherin des Landesjugendrings M-V e.V. , Marieke Bohne, der demn\u00e4chst\u00a0 sein 30j\u00e4hriges Jubil\u00e4um feiert.<\/em><\/p>\n<p><em>Karin Lechner, Seniorenbeiratsvorsitzende des Landkreises Nordwestmecklenburg \u00fcbernahm stellvertretend f\u00fcr den erkrankten Reinhard Dopp aus Bobitz eine Auszeichnung auf dieser Jubil\u00e4umsveranstaltung.<\/em><\/p>\n<p><em>Das diesj\u00e4hrige Ehrenamt Diplom erhielt der Redakteur des Seniorenkurier, Herr Angrick.<\/em><\/p>\n<p><em>Zum Abschluss versammelten sich alle anwesenden Preistr\u00e4gerinnen und Preistr\u00e4ger zu einem Gruppenfoto mit der Ministerin Frau Stefanie Drese.<\/em><\/p>\n<p><a href=\"https:\/\/www.martina-tegtmeier.de\/wp-content\/uploads\/2019\/11\/IMG-20191104-WA0008.jpg\"><img loading=\"lazy\" decoding=\"async\" class=\"alignnone size-medium wp-image-1632\" src=\"https:\/\/www.martina-tegtmeier.de\/wp-content\/uploads\/2019\/11\/IMG-20191104-WA0008-169x300.jpg\" alt=\"\" width=\"169\" height=\"300\" srcset=\"https:\/\/www.martina-tegtmeier.de\/wp-content\/uploads\/2019\/11\/IMG-20191104-WA0008-169x300.jpg 169w, https:\/\/www.martina-tegtmeier.de\/wp-content\/uploads\/2019\/11\/IMG-20191104-WA0008-768x1365.jpg 768w, https:\/\/www.martina-tegtmeier.de\/wp-content\/uploads\/2019\/11\/IMG-20191104-WA0008-576x1024.jpg 576w, https:\/\/www.martina-tegtmeier.de\/wp-content\/uploads\/2019\/11\/IMG-20191104-WA0008.jpg 900w\" sizes=\"auto, (max-width: 169px) 100vw, 169px\" \/>\u00a0 \u00a0 <\/a><a href=\"https:\/\/www.martina-tegtmeier.de\/wp-content\/uploads\/2019\/11\/IMG-20191104-WA0006.jpg\"><img loading=\"lazy\" decoding=\"async\" class=\"alignnone size-medium wp-image-1631\" src=\"https:\/\/www.martina-tegtmeier.de\/wp-content\/uploads\/2019\/11\/IMG-20191104-WA0006-169x300.jpg\" alt=\"\" width=\"169\" height=\"300\" srcset=\"https:\/\/www.martina-tegtmeier.de\/wp-content\/uploads\/2019\/11\/IMG-20191104-WA0006-169x300.jpg 169w, https:\/\/www.martina-tegtmeier.de\/wp-content\/uploads\/2019\/11\/IMG-20191104-WA0006-768x1365.jpg 768w, https:\/\/www.martina-tegtmeier.de\/wp-content\/uploads\/2019\/11\/IMG-20191104-WA0006-576x1024.jpg 576w, https:\/\/www.martina-tegtmeier.de\/wp-content\/uploads\/2019\/11\/IMG-20191104-WA0006.jpg 900w\" sizes=\"auto, (max-width: 169px) 100vw, 169px\" \/><\/a><a href=\"https:\/\/www.martina-tegtmeier.de\/wp-content\/uploads\/2019\/11\/IMG-20191104-WA0013.jpg\"><img loading=\"lazy\" decoding=\"async\" class=\"alignnone size-medium wp-image-1637\" src=\"https:\/\/www.martina-tegtmeier.de\/wp-content\/uploads\/2019\/11\/IMG-20191104-WA0013-300x169.jpg\" alt=\"\" width=\"300\" height=\"169\" srcset=\"https:\/\/www.martina-tegtmeier.de\/wp-content\/uploads\/2019\/11\/IMG-20191104-WA0013-300x169.jpg 300w, https:\/\/www.martina-tegtmeier.de\/wp-content\/uploads\/2019\/11\/IMG-20191104-WA0013-768x432.jpg 768w, https:\/\/www.martina-tegtmeier.de\/wp-content\/uploads\/2019\/11\/IMG-20191104-WA0013-1024x576.jpg 1024w, https:\/\/www.martina-tegtmeier.de\/wp-content\/uploads\/2019\/11\/IMG-20191104-WA0013.jpg 1600w\" sizes=\"auto, (max-width: 300px) 100vw, 300px\" \/> \u00a0 <\/a><a href=\"https:\/\/www.martina-tegtmeier.de\/wp-content\/uploads\/2019\/11\/IMG-20191104-WA0010.jpg\"><img loading=\"lazy\" decoding=\"async\" class=\"alignnone size-medium wp-image-1633\" src=\"https:\/\/www.martina-tegtmeier.de\/wp-content\/uploads\/2019\/11\/IMG-20191104-WA0010-300x225.jpg\" alt=\"\" width=\"300\" height=\"225\" srcset=\"https:\/\/www.martina-tegtmeier.de\/wp-content\/uploads\/2019\/11\/IMG-20191104-WA0010-300x225.jpg 300w, https:\/\/www.martina-tegtmeier.de\/wp-content\/uploads\/2019\/11\/IMG-20191104-WA0010-768x576.jpg 768w, https:\/\/www.martina-tegtmeier.de\/wp-content\/uploads\/2019\/11\/IMG-20191104-WA0010-1024x768.jpg 1024w, https:\/\/www.martina-tegtmeier.de\/wp-content\/uploads\/2019\/11\/IMG-20191104-WA0010.jpg 1600w\" sizes=\"auto, (max-width: 300px) 100vw, 300px\" \/> \u00a0 \u00a0 <\/a><a href=\"https:\/\/www.martina-tegtmeier.de\/wp-content\/uploads\/2019\/11\/IMG-20191104-WA0011.jpg\"><img loading=\"lazy\" decoding=\"async\" class=\"alignnone size-medium wp-image-1634\" src=\"https:\/\/www.martina-tegtmeier.de\/wp-content\/uploads\/2019\/11\/IMG-20191104-WA0011-169x300.jpg\" alt=\"\" width=\"169\" height=\"300\" srcset=\"https:\/\/www.martina-tegtmeier.de\/wp-content\/uploads\/2019\/11\/IMG-20191104-WA0011-169x300.jpg 169w, https:\/\/www.martina-tegtmeier.de\/wp-content\/uploads\/2019\/11\/IMG-20191104-WA0011-768x1365.jpg 768w, https:\/\/www.martina-tegtmeier.de\/wp-content\/uploads\/2019\/11\/IMG-20191104-WA0011-576x1024.jpg 576w, https:\/\/www.martina-tegtmeier.de\/wp-content\/uploads\/2019\/11\/IMG-20191104-WA0011.jpg 900w\" sizes=\"auto, (max-width: 169px) 100vw, 169px\" \/><\/a><\/p>\n","protected":false},"excerpt":{"rendered":"<p>Die Festrede bei diesem Jubil\u00e4um hielt unsere Ministerin f\u00fcr Soziales, Integration und Gleichstellung Frau Stefanie Drese. Gru\u00dfworte gab es u.a. von der Vorstandssprecherin des Landesjugendrings M-V e.V. , Marieke Bohne, der demn\u00e4chst\u00a0 sein 30j\u00e4hriges Jubil\u00e4um feiert. Karin Lechner, Seniorenbeiratsvorsitzende des &hellip; <a href=\"https:\/\/www.martina-tegtmeier.de\/?p=1630\">Weiterlesen <span class=\"meta-nav\">&rarr;<\/span><\/a><\/p>\n","protected":false},"author":2,"featured_media":0,"comment_status":"closed","ping_status":"closed","sticky":false,"template":"","format":"standard","meta":{"footnotes":""},"categories":[9],"tags":[],"class_list":["post-1630","post","type-post","status-publish","format-standard","hentry","category-aktivitaeten"],"_links":{"self":[{"href":"https:\/\/www.martina-tegtmeier.de\/index.php?rest_route=\/wp\/v2\/posts\/1630","targetHints":{"allow":["GET"]}}],"collection":[{"href":"https:\/\/www.martina-tegtmeier.de\/index.php?rest_route=\/wp\/v2\/posts"}],"about":[{"href":"https:\/\/www.martina-tegtmeier.de\/index.php?rest_route=\/wp\/v2\/types\/post"}],"author":[{"embeddable":true,"href":"https:\/\/www.martina-tegtmeier.de\/index.php?rest_route=\/wp\/v2\/users\/2"}],"replies":[{"embeddable":true,"href":"https:\/\/www.martina-tegtmeier.de\/index.php?rest_route=%2Fwp%2Fv2%2Fcomments&post=1630"}],"version-history":[{"count":2,"href":"https:\/\/www.martina-tegtmeier.de\/index.php?rest_route=\/wp\/v2\/posts\/1630\/revisions"}],"predecessor-version":[{"id":1639,"href":"https:\/\/www.martina-tegtmeier.de\/index.php?rest_route=\/wp\/v2\/posts\/1630\/revisions\/1639"}],"wp:attachment":[{"href":"https:\/\/www.martina-tegtmeier.de\/index.php?rest_route=%2Fwp%2Fv2%2Fmedia&parent=1630"}],"wp:term":[{"taxonomy":"category","embeddable":true,"href":"https:\/\/www.martina-tegtmeier.de\/index.php?rest_route=%2Fwp%2Fv2%2Fcategories&post=1630"},{"taxonomy":"post_tag","embeddable":true,"href":"https:\/\/www.martina-tegtmeier.de\/index.php?rest_route=%2Fwp%2Fv2%2Ftags&post=1630"}],"curies":[{"name":"wp","href":"https:\/\/api.w.org\/{rel}","templated":true}]}}