{"id":1641,"date":"2019-11-11T08:17:02","date_gmt":"2019-11-11T08:17:02","guid":{"rendered":"https:\/\/www.martina-tegtmeier.de\/?p=1641"},"modified":"2019-11-12T08:21:57","modified_gmt":"2019-11-12T08:21:57","slug":"vorlesetag-in-der-kita-muehlenzwerge-in-stove","status":"publish","type":"post","link":"https:\/\/www.martina-tegtmeier.de\/?p=1641","title":{"rendered":"Vorlesetag in der Kita M\u00fchlenzwerge in Stove"},"content":{"rendered":"<p><a href=\"https:\/\/www.martina-tegtmeier.de\/wp-content\/uploads\/2019\/11\/IMG_20191111_092541.jpg\"><img loading=\"lazy\" decoding=\"async\" class=\"alignnone size-medium wp-image-1642\" src=\"https:\/\/www.martina-tegtmeier.de\/wp-content\/uploads\/2019\/11\/IMG_20191111_092541-300x225.jpg\" alt=\"\" width=\"300\" height=\"225\" srcset=\"https:\/\/www.martina-tegtmeier.de\/wp-content\/uploads\/2019\/11\/IMG_20191111_092541-300x225.jpg 300w, https:\/\/www.martina-tegtmeier.de\/wp-content\/uploads\/2019\/11\/IMG_20191111_092541-768x576.jpg 768w, https:\/\/www.martina-tegtmeier.de\/wp-content\/uploads\/2019\/11\/IMG_20191111_092541-1024x768.jpg 1024w\" sizes=\"auto, (max-width: 300px) 100vw, 300px\" \/><\/a> \u00a0 Anl\u00e4sslich des bundesweiten Vorlesetages an diesem Freitag, habe ich die Kita M\u00fchlenzwerge in Stove besucht.<\/p>\n<p>Gemeinsam mit den Erzieherinnen haben sich die M\u00fchlenzwerge das Buch von Axel Scheffler und Julia Donaldson \u201eSuperwurm\u201c ausgesucht.<\/p>\n<p>Worum geht es in diesem Buch? Superwurm kann wirklich alles und ist \u00e4u\u00dferst hilfsbereit. Doch selbst das Leben von Superw\u00fcrmern ist, wie wir wissen, nicht ohne Gefahren. Aber wer gute Freunde hat, braucht nichts zu f\u00fcrchten, selbst die fiese Echse nicht.<\/p>\n<p>Interessiert und lebhaft zugleich verfolgten die \u201ekleinen M\u00fchlenzwerge\u201c meine Geschichte vom Superwurm.<\/p>\n<p>Im Anschluss besichtigte ich noch die Kita und kam mit dem Vorstand und Kita Leitung ins Gespr\u00e4ch.<\/p>\n<p>Die Kita sollte eigentlich geschlossen werden, aber eine Elterninitiative wollte das nicht hinnehmen und gr\u00fcndete die Elterninitiative e.V.<\/p>\n<p>Die Mitglieder der Elterninitiative e.V. w\u00e4hlen aus ihren Reihen alle zwei Jahre einen Vorstand. Dieser trifft sich regelm\u00e4\u00dfig mit der Leiterin der Kita, um anliegende Themen zu besprechen, L\u00f6sungen zu finden und um Ideen der Eltern aufzugreifen und umzusetzen. Mittlerweile sind in Stove 50 Kinder untergebracht von der Kita bis zum Hort hin, werden die Kinder dort betreut und versorgt.<\/p>\n<p><a href=\"https:\/\/www.martina-tegtmeier.de\/wp-content\/uploads\/2019\/11\/IMG_20191111_100127.jpg\"><img loading=\"lazy\" decoding=\"async\" class=\"alignnone size-medium wp-image-1643\" src=\"https:\/\/www.martina-tegtmeier.de\/wp-content\/uploads\/2019\/11\/IMG_20191111_100127-300x225.jpg\" alt=\"\" width=\"300\" height=\"225\" srcset=\"https:\/\/www.martina-tegtmeier.de\/wp-content\/uploads\/2019\/11\/IMG_20191111_100127-300x225.jpg 300w, https:\/\/www.martina-tegtmeier.de\/wp-content\/uploads\/2019\/11\/IMG_20191111_100127-768x576.jpg 768w, https:\/\/www.martina-tegtmeier.de\/wp-content\/uploads\/2019\/11\/IMG_20191111_100127-1024x768.jpg 1024w\" sizes=\"auto, (max-width: 300px) 100vw, 300px\" \/>\u00a0\u00a0 <\/a><a href=\"https:\/\/www.martina-tegtmeier.de\/wp-content\/uploads\/2019\/11\/Screenshot_20191112_080936.jpg\"><img loading=\"lazy\" decoding=\"async\" class=\"alignnone size-medium wp-image-1644\" src=\"https:\/\/www.martina-tegtmeier.de\/wp-content\/uploads\/2019\/11\/Screenshot_20191112_080936-300x291.jpg\" alt=\"\" width=\"300\" height=\"291\" srcset=\"https:\/\/www.martina-tegtmeier.de\/wp-content\/uploads\/2019\/11\/Screenshot_20191112_080936-300x291.jpg 300w, https:\/\/www.martina-tegtmeier.de\/wp-content\/uploads\/2019\/11\/Screenshot_20191112_080936-768x746.jpg 768w, https:\/\/www.martina-tegtmeier.de\/wp-content\/uploads\/2019\/11\/Screenshot_20191112_080936-1024x995.jpg 1024w, https:\/\/www.martina-tegtmeier.de\/wp-content\/uploads\/2019\/11\/Screenshot_20191112_080936.jpg 1080w\" sizes=\"auto, (max-width: 300px) 100vw, 300px\" \/><\/a><\/p>\n","protected":false},"excerpt":{"rendered":"<p>\u00a0 Anl\u00e4sslich des bundesweiten Vorlesetages an diesem Freitag, habe ich die Kita M\u00fchlenzwerge in Stove besucht. Gemeinsam mit den Erzieherinnen haben sich die M\u00fchlenzwerge das Buch von Axel Scheffler und Julia Donaldson \u201eSuperwurm\u201c ausgesucht. Worum geht es in diesem Buch? &hellip; <a href=\"https:\/\/www.martina-tegtmeier.de\/?p=1641\">Weiterlesen <span class=\"meta-nav\">&rarr;<\/span><\/a><\/p>\n","protected":false},"author":2,"featured_media":0,"comment_status":"closed","ping_status":"closed","sticky":false,"template":"","format":"standard","meta":{"footnotes":""},"categories":[9],"tags":[],"class_list":["post-1641","post","type-post","status-publish","format-standard","hentry","category-aktivitaeten"],"_links":{"self":[{"href":"https:\/\/www.martina-tegtmeier.de\/index.php?rest_route=\/wp\/v2\/posts\/1641","targetHints":{"allow":["GET"]}}],"collection":[{"href":"https:\/\/www.martina-tegtmeier.de\/index.php?rest_route=\/wp\/v2\/posts"}],"about":[{"href":"https:\/\/www.martina-tegtmeier.de\/index.php?rest_route=\/wp\/v2\/types\/post"}],"author":[{"embeddable":true,"href":"https:\/\/www.martina-tegtmeier.de\/index.php?rest_route=\/wp\/v2\/users\/2"}],"replies":[{"embeddable":true,"href":"https:\/\/www.martina-tegtmeier.de\/index.php?rest_route=%2Fwp%2Fv2%2Fcomments&post=1641"}],"version-history":[{"count":1,"href":"https:\/\/www.martina-tegtmeier.de\/index.php?rest_route=\/wp\/v2\/posts\/1641\/revisions"}],"predecessor-version":[{"id":1645,"href":"https:\/\/www.martina-tegtmeier.de\/index.php?rest_route=\/wp\/v2\/posts\/1641\/revisions\/1645"}],"wp:attachment":[{"href":"https:\/\/www.martina-tegtmeier.de\/index.php?rest_route=%2Fwp%2Fv2%2Fmedia&parent=1641"}],"wp:term":[{"taxonomy":"category","embeddable":true,"href":"https:\/\/www.martina-tegtmeier.de\/index.php?rest_route=%2Fwp%2Fv2%2Fcategories&post=1641"},{"taxonomy":"post_tag","embeddable":true,"href":"https:\/\/www.martina-tegtmeier.de\/index.php?rest_route=%2Fwp%2Fv2%2Ftags&post=1641"}],"curies":[{"name":"wp","href":"https:\/\/api.w.org\/{rel}","templated":true}]}}