{"id":1660,"date":"2019-11-18T11:32:04","date_gmt":"2019-11-18T11:32:04","guid":{"rendered":"https:\/\/www.martina-tegtmeier.de\/?p=1660"},"modified":"2019-12-18T10:40:34","modified_gmt":"2019-12-18T10:40:34","slug":"besuch-im-landtag-aus-neukloster","status":"publish","type":"post","link":"https:\/\/www.martina-tegtmeier.de\/?p=1660","title":{"rendered":"Besuch im Landtag aus Neukloster."},"content":{"rendered":"<p>Am vergangenen Freitag hatte ich B\u00fcrger*innen aus Neukloster zu Besuch im Landtag.<\/p>\n<p>Der gr\u00f6\u00dfte Teil der Gruppe bestand aus Senioren*innen aus dem in Neukloster ans\u00e4ssigen Seniorenclub.<\/p>\n<p>Die Senioren organisieren dort seit vielen Jahren zahlreiche Aktivit\u00e4ten und Angebote im gemeinsamen Miteinander.<\/p>\n<p>So gibt es unter anderem Kurse wie z. B. Freude an der Bewegung, Plaudern in der Kaffeezeit, Tanzkreis, Handarbeitszirkel, Chor, Preisskat, Preisromm\u00e9 und sogar einen w\u00f6chentlichen Englischkurs.<\/p>\n<p>Viel Zuspruch haben auch die j\u00e4hrlich wiederkehrenden Feste wie das Faschingsfest, Fr\u00fchlings-, Sommer- und Herbstfest sowie die Weihnachtsfeier.<\/p>\n<p>Es ist also immer &#8222;etwas los&#8220; im Seniorentreff in Neukloster.<\/p>\n<p>In einem sehr angenehmen Gespr\u00e4ch wurden Fragen zu meiner politischen Arbeit und zu den Abl\u00e4ufen w\u00e4hrend und vor einer Landtagssitzung er\u00f6rtert.<\/p>\n<p>Aber auch eine bessere Auslastung und Taktung beim \u00d6PNV im Bereich Neukloster war ein Thema, das die Seniorinnen und Senioren aus Neukloster sehr bewegt. Verabredet wurde daher, dass ich eine Gespr\u00e4chsrunde mit den Entscheidungstr\u00e4gern vor Ort organisieren werde. In einer gemeinsamen Veranstaltung von Verantwortlichen und Nutzenden des \u00d6PNV sollen konkrete Probleme angesprochen und m\u00f6glichst L\u00f6sungsans\u00e4tze erarbeitet werden.<\/p>\n<p>&nbsp;<\/p>\n<p><a href=\"https:\/\/www.martina-tegtmeier.de\/wp-content\/uploads\/2019\/11\/IMG_20191115_133221.jpg\"><img loading=\"lazy\" decoding=\"async\" class=\"alignnone size-medium wp-image-1662\" src=\"https:\/\/www.martina-tegtmeier.de\/wp-content\/uploads\/2019\/11\/IMG_20191115_133221-300x225.jpg\" alt=\"\" width=\"300\" height=\"225\" srcset=\"https:\/\/www.martina-tegtmeier.de\/wp-content\/uploads\/2019\/11\/IMG_20191115_133221-300x225.jpg 300w, https:\/\/www.martina-tegtmeier.de\/wp-content\/uploads\/2019\/11\/IMG_20191115_133221-768x576.jpg 768w, https:\/\/www.martina-tegtmeier.de\/wp-content\/uploads\/2019\/11\/IMG_20191115_133221-1024x768.jpg 1024w\" sizes=\"auto, (max-width: 300px) 100vw, 300px\" \/>\u00a0\u00a0\u00a0\u00a0<\/a><\/p>\n","protected":false},"excerpt":{"rendered":"<p>Am vergangenen Freitag hatte ich B\u00fcrger*innen aus Neukloster zu Besuch im Landtag. Der gr\u00f6\u00dfte Teil der Gruppe bestand aus Senioren*innen aus dem in Neukloster ans\u00e4ssigen Seniorenclub. Die Senioren organisieren dort seit vielen Jahren zahlreiche Aktivit\u00e4ten und Angebote im gemeinsamen Miteinander. &hellip; <a href=\"https:\/\/www.martina-tegtmeier.de\/?p=1660\">Weiterlesen <span class=\"meta-nav\">&rarr;<\/span><\/a><\/p>\n","protected":false},"author":2,"featured_media":0,"comment_status":"closed","ping_status":"closed","sticky":false,"template":"","format":"standard","meta":{"footnotes":""},"categories":[9],"tags":[],"class_list":["post-1660","post","type-post","status-publish","format-standard","hentry","category-aktivitaeten"],"_links":{"self":[{"href":"https:\/\/www.martina-tegtmeier.de\/index.php?rest_route=\/wp\/v2\/posts\/1660","targetHints":{"allow":["GET"]}}],"collection":[{"href":"https:\/\/www.martina-tegtmeier.de\/index.php?rest_route=\/wp\/v2\/posts"}],"about":[{"href":"https:\/\/www.martina-tegtmeier.de\/index.php?rest_route=\/wp\/v2\/types\/post"}],"author":[{"embeddable":true,"href":"https:\/\/www.martina-tegtmeier.de\/index.php?rest_route=\/wp\/v2\/users\/2"}],"replies":[{"embeddable":true,"href":"https:\/\/www.martina-tegtmeier.de\/index.php?rest_route=%2Fwp%2Fv2%2Fcomments&post=1660"}],"version-history":[{"count":4,"href":"https:\/\/www.martina-tegtmeier.de\/index.php?rest_route=\/wp\/v2\/posts\/1660\/revisions"}],"predecessor-version":[{"id":1676,"href":"https:\/\/www.martina-tegtmeier.de\/index.php?rest_route=\/wp\/v2\/posts\/1660\/revisions\/1676"}],"wp:attachment":[{"href":"https:\/\/www.martina-tegtmeier.de\/index.php?rest_route=%2Fwp%2Fv2%2Fmedia&parent=1660"}],"wp:term":[{"taxonomy":"category","embeddable":true,"href":"https:\/\/www.martina-tegtmeier.de\/index.php?rest_route=%2Fwp%2Fv2%2Fcategories&post=1660"},{"taxonomy":"post_tag","embeddable":true,"href":"https:\/\/www.martina-tegtmeier.de\/index.php?rest_route=%2Fwp%2Fv2%2Ftags&post=1660"}],"curies":[{"name":"wp","href":"https:\/\/api.w.org\/{rel}","templated":true}]}}