{"id":1666,"date":"2019-11-27T07:01:48","date_gmt":"2019-11-27T07:01:48","guid":{"rendered":"https:\/\/www.martina-tegtmeier.de\/?p=1666"},"modified":"2019-11-28T07:03:47","modified_gmt":"2019-11-28T07:03:47","slug":"bundesteilhabegesetz-neue-leistungen-fuer-menschen-mit-behinderung-ab-1-januar-2020","status":"publish","type":"post","link":"https:\/\/www.martina-tegtmeier.de\/?p=1666","title":{"rendered":"Bundesteilhabegesetz: Neue Leistungen f\u00fcr Menschen mit Behinderung ab 1. Januar 2020"},"content":{"rendered":"<p>Der Sozialausschuss hat heute mit den Stimmen der Regierungsfraktionen die Ausf\u00fchrungsgesetze zum Bundesteilhabegesetz abschlie\u00dfend beraten. Dazu erkl\u00e4rt die Abgeordnete der SPD-Landtagsfraktion Martina Tegtmeier:<\/p>\n<p>\u201eMenschen mit Behinderungen sollen vom neuen Bundesteilhabegesetz schnellstm\u00f6glich profitieren. Mit dem Bundesteilhabegesetz hat der Bund die Eingliederungshilfe zu einer modernen, personenzentrierten Teilhabeleistung weiterentwickelt. Der oder die einzelne Hilfebed\u00fcrftige steht zuk\u00fcnftig mit seinen jeweiligen Bed\u00fcrfnissen im Mittelpunkt. Auch brauchen Hilfebed\u00fcrftige nur noch eine feste Stelle aufsuchen, um Unterst\u00fctzungsleistungen zu bekommen. Mit den Gesetzes\u00e4nderungen werden die gesellschaftlichen Teilhabem\u00f6glichkeiten f\u00fcr Menschen mit Behinderungen deutlich verbessert.<\/p>\n<p>Das ist im Interesse der Menschen mit Behinderungen, die zum 1. Januar 2020 die neuen Leistungen nach dem SGB 9 erhalten sollen. Deshalb d\u00fcrfen schwierige Verhandlungen zwischen dem Land und den Kommunen nicht dazu f\u00fchren, dass hilfebed\u00fcrftige Menschen nicht rechtzeitig die neuen Leistungen bekommen. Die Verhandlungen mit den Kommunen zum Mehrbelastungsausgleich sind sehr komplex und konnten daher noch nicht abgeschlossen werden. Ich erwarte von der Landesregierung und den kommunalen Landesverb\u00e4nden eine Einigung, die wir dann als Plenarantrag in die Dezembersitzung des Landtages einbringen werden. Mit dem so gew\u00e4hlten parlamentarischen Vorgehen stellen wir die rechtzeitige Umsetzung des Bundesteilhabegesetzes in Mecklenburg-Vorpommern sicher.\u201c<\/p>\n","protected":false},"excerpt":{"rendered":"<p>Der Sozialausschuss hat heute mit den Stimmen der Regierungsfraktionen die Ausf\u00fchrungsgesetze zum Bundesteilhabegesetz abschlie\u00dfend beraten. Dazu erkl\u00e4rt die Abgeordnete der SPD-Landtagsfraktion Martina Tegtmeier: \u201eMenschen mit Behinderungen sollen vom neuen Bundesteilhabegesetz schnellstm\u00f6glich profitieren. Mit dem Bundesteilhabegesetz hat der Bund die Eingliederungshilfe &hellip; <a href=\"https:\/\/www.martina-tegtmeier.de\/?p=1666\">Weiterlesen <span class=\"meta-nav\">&rarr;<\/span><\/a><\/p>\n","protected":false},"author":2,"featured_media":0,"comment_status":"closed","ping_status":"closed","sticky":false,"template":"","format":"standard","meta":{"footnotes":""},"categories":[8],"tags":[],"class_list":["post-1666","post","type-post","status-publish","format-standard","hentry","category-aktuelles"],"_links":{"self":[{"href":"https:\/\/www.martina-tegtmeier.de\/index.php?rest_route=\/wp\/v2\/posts\/1666","targetHints":{"allow":["GET"]}}],"collection":[{"href":"https:\/\/www.martina-tegtmeier.de\/index.php?rest_route=\/wp\/v2\/posts"}],"about":[{"href":"https:\/\/www.martina-tegtmeier.de\/index.php?rest_route=\/wp\/v2\/types\/post"}],"author":[{"embeddable":true,"href":"https:\/\/www.martina-tegtmeier.de\/index.php?rest_route=\/wp\/v2\/users\/2"}],"replies":[{"embeddable":true,"href":"https:\/\/www.martina-tegtmeier.de\/index.php?rest_route=%2Fwp%2Fv2%2Fcomments&post=1666"}],"version-history":[{"count":1,"href":"https:\/\/www.martina-tegtmeier.de\/index.php?rest_route=\/wp\/v2\/posts\/1666\/revisions"}],"predecessor-version":[{"id":1667,"href":"https:\/\/www.martina-tegtmeier.de\/index.php?rest_route=\/wp\/v2\/posts\/1666\/revisions\/1667"}],"wp:attachment":[{"href":"https:\/\/www.martina-tegtmeier.de\/index.php?rest_route=%2Fwp%2Fv2%2Fmedia&parent=1666"}],"wp:term":[{"taxonomy":"category","embeddable":true,"href":"https:\/\/www.martina-tegtmeier.de\/index.php?rest_route=%2Fwp%2Fv2%2Fcategories&post=1666"},{"taxonomy":"post_tag","embeddable":true,"href":"https:\/\/www.martina-tegtmeier.de\/index.php?rest_route=%2Fwp%2Fv2%2Ftags&post=1666"}],"curies":[{"name":"wp","href":"https:\/\/api.w.org\/{rel}","templated":true}]}}