{"id":1671,"date":"2019-12-16T07:42:56","date_gmt":"2019-12-16T07:42:56","guid":{"rendered":"https:\/\/www.martina-tegtmeier.de\/?p=1671"},"modified":"2019-12-18T10:56:09","modified_gmt":"2019-12-18T10:56:09","slug":"besuch-des-polizeirevieres-in-gadebusch","status":"publish","type":"post","link":"https:\/\/www.martina-tegtmeier.de\/?p=1671","title":{"rendered":"Besuch des Polizeirevieres in Gadebusch"},"content":{"rendered":"<p><strong>Besuch im Polizeirevier in Gadebusch<\/strong><\/p>\n<p>Die Sicherheit unserer Bev\u00f6lkerung und der Schutz von Opfern ist mir und der SPD-Landtagsfraktion ein besonderes Anliegen. Daher haben wir uns in der Vorweihnachtswoche verabredet, Polizeidienststellen zu besuchen, um noch bessere Einblicke in die Polizeiarbeit zu erhalten. Auch wollen wir so zeigen, dass wir den Beamtinnen und Beamtinnen unseren Respekt zollen, f\u00fcr ihre t\u00e4gliche schwierige und verantwortungsvolle Arbeit zum Schutz von uns allen.<\/p>\n<p>Im Polizeirevier Gadebusch habe ich nach dem freundlichen Empfang und der Begr\u00fc\u00dfung durch den Revierleiter Herrn Blockus gemeinsam mit den Dienstgruppenleitern \u00fcber das neue Sicherheits- und Ordnungsgesetz M-V im Allgemeinen und die Sicherheitslage im Einzugsbereich des Polizeireviers Gadebusch im Besonderen gesprochen. Die Verrohung im Umgang miteinander aber auch die Gewalt von B\u00fcrgern gegen Polizeibeamtinnen und\u00a0 Beamte wurde ebenso angesprochen, wie der Einsatz bzw. der Zweckm\u00e4\u00dfigkeit von Bodycams.<\/p>\n<p>Ich habe sehr viele Anregungen und neue Einblicke \u00fcber die Sorgen und N\u00f6te unserer Polizei erhalten, die ich mit meinen Kollegen aus dem &#8222;Arbeitskreis Innen&#8220; er\u00f6rtern werde.<\/p>\n<p><a href=\"https:\/\/www.martina-tegtmeier.de\/wp-content\/uploads\/2019\/12\/IMG_20191216_104133.jpg\"><img loading=\"lazy\" decoding=\"async\" class=\"alignnone size-medium wp-image-1672\" src=\"https:\/\/www.martina-tegtmeier.de\/wp-content\/uploads\/2019\/12\/IMG_20191216_104133-300x225.jpg\" alt=\"\" width=\"300\" height=\"225\" srcset=\"https:\/\/www.martina-tegtmeier.de\/wp-content\/uploads\/2019\/12\/IMG_20191216_104133-300x225.jpg 300w, https:\/\/www.martina-tegtmeier.de\/wp-content\/uploads\/2019\/12\/IMG_20191216_104133-768x576.jpg 768w, https:\/\/www.martina-tegtmeier.de\/wp-content\/uploads\/2019\/12\/IMG_20191216_104133-1024x768.jpg 1024w\" sizes=\"auto, (max-width: 300px) 100vw, 300px\" \/><\/a><\/p>\n","protected":false},"excerpt":{"rendered":"<p>Besuch im Polizeirevier in Gadebusch Die Sicherheit unserer Bev\u00f6lkerung und der Schutz von Opfern ist mir und der SPD-Landtagsfraktion ein besonderes Anliegen. Daher haben wir uns in der Vorweihnachtswoche verabredet, Polizeidienststellen zu besuchen, um noch bessere Einblicke in die Polizeiarbeit &hellip; <a href=\"https:\/\/www.martina-tegtmeier.de\/?p=1671\">Weiterlesen <span class=\"meta-nav\">&rarr;<\/span><\/a><\/p>\n","protected":false},"author":2,"featured_media":0,"comment_status":"closed","ping_status":"closed","sticky":false,"template":"","format":"standard","meta":{"footnotes":""},"categories":[9],"tags":[],"class_list":["post-1671","post","type-post","status-publish","format-standard","hentry","category-aktivitaeten"],"_links":{"self":[{"href":"https:\/\/www.martina-tegtmeier.de\/index.php?rest_route=\/wp\/v2\/posts\/1671","targetHints":{"allow":["GET"]}}],"collection":[{"href":"https:\/\/www.martina-tegtmeier.de\/index.php?rest_route=\/wp\/v2\/posts"}],"about":[{"href":"https:\/\/www.martina-tegtmeier.de\/index.php?rest_route=\/wp\/v2\/types\/post"}],"author":[{"embeddable":true,"href":"https:\/\/www.martina-tegtmeier.de\/index.php?rest_route=\/wp\/v2\/users\/2"}],"replies":[{"embeddable":true,"href":"https:\/\/www.martina-tegtmeier.de\/index.php?rest_route=%2Fwp%2Fv2%2Fcomments&post=1671"}],"version-history":[{"count":3,"href":"https:\/\/www.martina-tegtmeier.de\/index.php?rest_route=\/wp\/v2\/posts\/1671\/revisions"}],"predecessor-version":[{"id":1678,"href":"https:\/\/www.martina-tegtmeier.de\/index.php?rest_route=\/wp\/v2\/posts\/1671\/revisions\/1678"}],"wp:attachment":[{"href":"https:\/\/www.martina-tegtmeier.de\/index.php?rest_route=%2Fwp%2Fv2%2Fmedia&parent=1671"}],"wp:term":[{"taxonomy":"category","embeddable":true,"href":"https:\/\/www.martina-tegtmeier.de\/index.php?rest_route=%2Fwp%2Fv2%2Fcategories&post=1671"},{"taxonomy":"post_tag","embeddable":true,"href":"https:\/\/www.martina-tegtmeier.de\/index.php?rest_route=%2Fwp%2Fv2%2Ftags&post=1671"}],"curies":[{"name":"wp","href":"https:\/\/api.w.org\/{rel}","templated":true}]}}