{"id":1717,"date":"2020-01-20T07:40:48","date_gmt":"2020-01-20T07:40:48","guid":{"rendered":"https:\/\/www.martina-tegtmeier.de\/?p=1717"},"modified":"2020-01-20T07:40:48","modified_gmt":"2020-01-20T07:40:48","slug":"neujahrsempfaenge-in-wismar-und-auf-der-insel-poel","status":"publish","type":"post","link":"https:\/\/www.martina-tegtmeier.de\/?p=1717","title":{"rendered":"Neujahrsempf\u00e4nge in Wismar und auf der Insel Poel"},"content":{"rendered":"<p>Auf dem Neujahrsempfang des SPD Kreisverbandes Nordwestmecklenburg, durfte ich gemeinsam mit der Landr\u00e4tin von Nordwestmecklenburg Kerstin Wei\u00df, den langj\u00e4hrigen Kreiswehrf\u00fchrer Torsten Gromm, f\u00fcr seine langj\u00e4hrigen Dienste im Ehrenamt auszeichnen.<\/p>\n<p>Es gab mir auch die Gelegenheit mit Vertretern der Feuerwehr ins Gespr\u00e4ch zu kommen. Der B\u00fcrgermeister der Gemeinde Schlagsdorf , Herr Ingo Melchin und sein Wehrf\u00fchrer Herr Stefan Becker hatten sehr \u00a0viele Fragen zum Thema des 50 Millionen F\u00f6rderprogrammes und den Feuerwehrbedarfspl\u00e4nen. Wir haben in nahem Zeitraum eine Veranstaltung zu diesem Thema in Schlagsdorf vereinbart.<\/p>\n<p>Am Samstag war ich mit meinen SPD Kollegen Frank Junge und dem B\u00fcrgermeister der Hansestadt Wismar, Thomas Beyer, beim Neujahrsempfang auf der Insel Poel. Bei einem unterhaltsamen Programm und vielen Gespr\u00e4chen, war es ein sehr kurzweiliger Neujahrsempfang.<\/p>\n<p><a href=\"https:\/\/www.martina-tegtmeier.de\/wp-content\/uploads\/2020\/01\/IMG_20200117_203553-scaled.jpg\"><img loading=\"lazy\" decoding=\"async\" class=\"alignnone size-medium wp-image-1718\" src=\"https:\/\/www.martina-tegtmeier.de\/wp-content\/uploads\/2020\/01\/IMG_20200117_203553-300x225.jpg\" alt=\"\" width=\"300\" height=\"225\" srcset=\"https:\/\/www.martina-tegtmeier.de\/wp-content\/uploads\/2020\/01\/IMG_20200117_203553-300x225.jpg 300w, https:\/\/www.martina-tegtmeier.de\/wp-content\/uploads\/2020\/01\/IMG_20200117_203553-1024x768.jpg 1024w, https:\/\/www.martina-tegtmeier.de\/wp-content\/uploads\/2020\/01\/IMG_20200117_203553-768x576.jpg 768w, https:\/\/www.martina-tegtmeier.de\/wp-content\/uploads\/2020\/01\/IMG_20200117_203553-1536x1152.jpg 1536w, https:\/\/www.martina-tegtmeier.de\/wp-content\/uploads\/2020\/01\/IMG_20200117_203553-2048x1536.jpg 2048w\" sizes=\"auto, (max-width: 300px) 100vw, 300px\" \/>\u00a0\u00a0 <\/a><a href=\"https:\/\/www.martina-tegtmeier.de\/wp-content\/uploads\/2020\/01\/IMG_20200120_074401.jpg\"><img loading=\"lazy\" decoding=\"async\" class=\"alignnone size-medium wp-image-1721\" src=\"https:\/\/www.martina-tegtmeier.de\/wp-content\/uploads\/2020\/01\/IMG_20200120_074401-190x300.jpg\" alt=\"\" width=\"190\" height=\"300\" srcset=\"https:\/\/www.martina-tegtmeier.de\/wp-content\/uploads\/2020\/01\/IMG_20200120_074401-190x300.jpg 190w, https:\/\/www.martina-tegtmeier.de\/wp-content\/uploads\/2020\/01\/IMG_20200120_074401.jpg 623w\" sizes=\"auto, (max-width: 190px) 100vw, 190px\" \/><\/a><\/p>\n<div id=\"attachment_1719\" style=\"width: 259px\" class=\"wp-caption alignnone\"><a href=\"https:\/\/www.martina-tegtmeier.de\/wp-content\/uploads\/2020\/01\/IMG_20200120_074035-scaled.jpg\"><img loading=\"lazy\" decoding=\"async\" aria-describedby=\"caption-attachment-1719\" class=\"size-medium wp-image-1719\" src=\"https:\/\/www.martina-tegtmeier.de\/wp-content\/uploads\/2020\/01\/IMG_20200120_074035-249x300.jpg\" alt=\"\" width=\"249\" height=\"300\" srcset=\"https:\/\/www.martina-tegtmeier.de\/wp-content\/uploads\/2020\/01\/IMG_20200120_074035-249x300.jpg 249w, https:\/\/www.martina-tegtmeier.de\/wp-content\/uploads\/2020\/01\/IMG_20200120_074035-851x1024.jpg 851w, https:\/\/www.martina-tegtmeier.de\/wp-content\/uploads\/2020\/01\/IMG_20200120_074035-768x924.jpg 768w, https:\/\/www.martina-tegtmeier.de\/wp-content\/uploads\/2020\/01\/IMG_20200120_074035-1276x1536.jpg 1276w, https:\/\/www.martina-tegtmeier.de\/wp-content\/uploads\/2020\/01\/IMG_20200120_074035-1701x2048.jpg 1701w\" sizes=\"auto, (max-width: 249px) 100vw, 249px\" \/><\/a><p id=\"caption-attachment-1719\" class=\"wp-caption-text\">hdrpl<\/p><\/div>\n<p><a href=\"https:\/\/www.martina-tegtmeier.de\/wp-content\/uploads\/2020\/01\/IMG_20200117_211954-scaled.jpg\"><img loading=\"lazy\" decoding=\"async\" class=\"alignnone size-medium wp-image-1720\" src=\"https:\/\/www.martina-tegtmeier.de\/wp-content\/uploads\/2020\/01\/IMG_20200117_211954-225x300.jpg\" alt=\"\" width=\"225\" height=\"300\" srcset=\"https:\/\/www.martina-tegtmeier.de\/wp-content\/uploads\/2020\/01\/IMG_20200117_211954-225x300.jpg 225w, https:\/\/www.martina-tegtmeier.de\/wp-content\/uploads\/2020\/01\/IMG_20200117_211954-768x1024.jpg 768w, https:\/\/www.martina-tegtmeier.de\/wp-content\/uploads\/2020\/01\/IMG_20200117_211954-1152x1536.jpg 1152w, https:\/\/www.martina-tegtmeier.de\/wp-content\/uploads\/2020\/01\/IMG_20200117_211954-1536x2048.jpg 1536w, https:\/\/www.martina-tegtmeier.de\/wp-content\/uploads\/2020\/01\/IMG_20200117_211954-scaled.jpg 1920w\" sizes=\"auto, (max-width: 225px) 100vw, 225px\" \/><\/a><\/p>\n<p>&nbsp;<\/p>\n","protected":false},"excerpt":{"rendered":"<p>Auf dem Neujahrsempfang des SPD Kreisverbandes Nordwestmecklenburg, durfte ich gemeinsam mit der Landr\u00e4tin von Nordwestmecklenburg Kerstin Wei\u00df, den langj\u00e4hrigen Kreiswehrf\u00fchrer Torsten Gromm, f\u00fcr seine langj\u00e4hrigen Dienste im Ehrenamt auszeichnen. Es gab mir auch die Gelegenheit mit Vertretern der Feuerwehr ins &hellip; <a href=\"https:\/\/www.martina-tegtmeier.de\/?p=1717\">Weiterlesen <span class=\"meta-nav\">&rarr;<\/span><\/a><\/p>\n","protected":false},"author":2,"featured_media":0,"comment_status":"closed","ping_status":"closed","sticky":false,"template":"","format":"standard","meta":{"footnotes":""},"categories":[9],"tags":[],"class_list":["post-1717","post","type-post","status-publish","format-standard","hentry","category-aktivitaeten"],"_links":{"self":[{"href":"https:\/\/www.martina-tegtmeier.de\/index.php?rest_route=\/wp\/v2\/posts\/1717","targetHints":{"allow":["GET"]}}],"collection":[{"href":"https:\/\/www.martina-tegtmeier.de\/index.php?rest_route=\/wp\/v2\/posts"}],"about":[{"href":"https:\/\/www.martina-tegtmeier.de\/index.php?rest_route=\/wp\/v2\/types\/post"}],"author":[{"embeddable":true,"href":"https:\/\/www.martina-tegtmeier.de\/index.php?rest_route=\/wp\/v2\/users\/2"}],"replies":[{"embeddable":true,"href":"https:\/\/www.martina-tegtmeier.de\/index.php?rest_route=%2Fwp%2Fv2%2Fcomments&post=1717"}],"version-history":[{"count":1,"href":"https:\/\/www.martina-tegtmeier.de\/index.php?rest_route=\/wp\/v2\/posts\/1717\/revisions"}],"predecessor-version":[{"id":1722,"href":"https:\/\/www.martina-tegtmeier.de\/index.php?rest_route=\/wp\/v2\/posts\/1717\/revisions\/1722"}],"wp:attachment":[{"href":"https:\/\/www.martina-tegtmeier.de\/index.php?rest_route=%2Fwp%2Fv2%2Fmedia&parent=1717"}],"wp:term":[{"taxonomy":"category","embeddable":true,"href":"https:\/\/www.martina-tegtmeier.de\/index.php?rest_route=%2Fwp%2Fv2%2Fcategories&post=1717"},{"taxonomy":"post_tag","embeddable":true,"href":"https:\/\/www.martina-tegtmeier.de\/index.php?rest_route=%2Fwp%2Fv2%2Ftags&post=1717"}],"curies":[{"name":"wp","href":"https:\/\/api.w.org\/{rel}","templated":true}]}}