{"id":1736,"date":"2020-02-27T07:52:07","date_gmt":"2020-02-27T07:52:07","guid":{"rendered":"https:\/\/www.martina-tegtmeier.de\/?p=1736"},"modified":"2020-03-04T20:45:10","modified_gmt":"2020-03-04T20:45:10","slug":"fraktion-vor-ort-auf-der-insel-poel","status":"publish","type":"post","link":"https:\/\/www.martina-tegtmeier.de\/?p=1736","title":{"rendered":"Fraktion vor Ort auf der Insel Poel&#8230;"},"content":{"rendered":"<p>Am gestrigen Abend fanden sich zahlreiche Kameradinnen und Kameraden im Feuerwehrger\u00e4tehaus der Freiwilligen Feuerwehr Kirchdorf, Insel Poel ein, um \u00fcber die Umsetzung des Sonderprogramms \u201eZukunftsf\u00e4hige Feuerwehr M-V \u2013 Gew\u00e4hrleistung eines fl\u00e4chendeckenden Brandschutzes\u201c mit mir und meinem Fraktionskollegen Thomas Schwarz zu diskutieren. Auch der Wehrf\u00fchrer der Gemeinde Schlagsdorf, Herr Stefan Becker, lie\u00df \u00a0es sich nicht nehmen, die weite Anreise nach Poel auf sich zu nehmen, um aus erster Hand zu erfahren was es mit dem Programm auf sich hat.<\/p>\n<p>Nach einer kurzen Einf\u00fchrung erl\u00e4uterte Thomas Schwarz in seiner bew\u00e4hrten Manier das Programm und wie die sich die Umsetzungsplanung der Landesregierung darstellt.<\/p>\n<p>Viele im Vorfeld aufgetretenen Irritationen konnten ausger\u00e4umt werden. Allerdings wurden viele Probleme in der Kommunikation mit den F\u00f6rdergremien sichtbar. Viele Anregungen seitens der Feuerwehr konnten wir mitnehmen und werden sie an entsprechender Stelle anbringen.<\/p>\n<p>Einen herzlichen Dank m\u00f6chte ich an dieser Stelle an den Wehrf\u00fchrer Herrn Bodo K\u00f6pnick\u00a0 und sein Team f\u00fcr die Gastfreundschaft und die kurzweiligen zwei Stunden auf der Insel Poel aussprechen.<\/p>\n<p><a href=\"https:\/\/www.martina-tegtmeier.de\/wp-content\/uploads\/2020\/02\/IMG_20200226_173803-scaled.jpg\"><img loading=\"lazy\" decoding=\"async\" class=\"alignnone size-medium wp-image-1737\" src=\"https:\/\/www.martina-tegtmeier.de\/wp-content\/uploads\/2020\/02\/IMG_20200226_173803-225x300.jpg\" alt=\"\" width=\"225\" height=\"300\" srcset=\"https:\/\/www.martina-tegtmeier.de\/wp-content\/uploads\/2020\/02\/IMG_20200226_173803-225x300.jpg 225w, https:\/\/www.martina-tegtmeier.de\/wp-content\/uploads\/2020\/02\/IMG_20200226_173803-768x1024.jpg 768w, https:\/\/www.martina-tegtmeier.de\/wp-content\/uploads\/2020\/02\/IMG_20200226_173803-1152x1536.jpg 1152w, https:\/\/www.martina-tegtmeier.de\/wp-content\/uploads\/2020\/02\/IMG_20200226_173803-1536x2048.jpg 1536w, https:\/\/www.martina-tegtmeier.de\/wp-content\/uploads\/2020\/02\/IMG_20200226_173803-scaled.jpg 1920w\" sizes=\"auto, (max-width: 225px) 100vw, 225px\" \/><\/a>\u00a0 <a href=\"https:\/\/www.martina-tegtmeier.de\/wp-content\/uploads\/2020\/02\/IMG_20200226_180229-scaled.jpg\"><img loading=\"lazy\" decoding=\"async\" class=\"alignnone size-medium wp-image-1738\" src=\"https:\/\/www.martina-tegtmeier.de\/wp-content\/uploads\/2020\/02\/IMG_20200226_180229-300x225.jpg\" alt=\"\" width=\"300\" height=\"225\" srcset=\"https:\/\/www.martina-tegtmeier.de\/wp-content\/uploads\/2020\/02\/IMG_20200226_180229-300x225.jpg 300w, https:\/\/www.martina-tegtmeier.de\/wp-content\/uploads\/2020\/02\/IMG_20200226_180229-1024x768.jpg 1024w, https:\/\/www.martina-tegtmeier.de\/wp-content\/uploads\/2020\/02\/IMG_20200226_180229-768x576.jpg 768w, https:\/\/www.martina-tegtmeier.de\/wp-content\/uploads\/2020\/02\/IMG_20200226_180229-1536x1152.jpg 1536w, https:\/\/www.martina-tegtmeier.de\/wp-content\/uploads\/2020\/02\/IMG_20200226_180229-2048x1536.jpg 2048w\" sizes=\"auto, (max-width: 300px) 100vw, 300px\" \/><\/a>\u00a0 <a href=\"https:\/\/www.martina-tegtmeier.de\/wp-content\/uploads\/2020\/02\/IMG_20200226_181625-scaled.jpg\"><img loading=\"lazy\" decoding=\"async\" class=\"alignnone size-medium wp-image-1739\" src=\"https:\/\/www.martina-tegtmeier.de\/wp-content\/uploads\/2020\/02\/IMG_20200226_181625-300x225.jpg\" alt=\"\" width=\"300\" height=\"225\" srcset=\"https:\/\/www.martina-tegtmeier.de\/wp-content\/uploads\/2020\/02\/IMG_20200226_181625-300x225.jpg 300w, https:\/\/www.martina-tegtmeier.de\/wp-content\/uploads\/2020\/02\/IMG_20200226_181625-1024x768.jpg 1024w, https:\/\/www.martina-tegtmeier.de\/wp-content\/uploads\/2020\/02\/IMG_20200226_181625-768x576.jpg 768w, https:\/\/www.martina-tegtmeier.de\/wp-content\/uploads\/2020\/02\/IMG_20200226_181625-1536x1152.jpg 1536w, https:\/\/www.martina-tegtmeier.de\/wp-content\/uploads\/2020\/02\/IMG_20200226_181625-2048x1536.jpg 2048w\" sizes=\"auto, (max-width: 300px) 100vw, 300px\" \/><\/a><\/p>\n","protected":false},"excerpt":{"rendered":"<p>Am gestrigen Abend fanden sich zahlreiche Kameradinnen und Kameraden im Feuerwehrger\u00e4tehaus der Freiwilligen Feuerwehr Kirchdorf, Insel Poel ein, um \u00fcber die Umsetzung des Sonderprogramms \u201eZukunftsf\u00e4hige Feuerwehr M-V \u2013 Gew\u00e4hrleistung eines fl\u00e4chendeckenden Brandschutzes\u201c mit mir und meinem Fraktionskollegen Thomas Schwarz zu &hellip; <a href=\"https:\/\/www.martina-tegtmeier.de\/?p=1736\">Weiterlesen <span class=\"meta-nav\">&rarr;<\/span><\/a><\/p>\n","protected":false},"author":2,"featured_media":0,"comment_status":"closed","ping_status":"closed","sticky":false,"template":"","format":"standard","meta":{"footnotes":""},"categories":[9],"tags":[],"class_list":["post-1736","post","type-post","status-publish","format-standard","hentry","category-aktivitaeten"],"_links":{"self":[{"href":"https:\/\/www.martina-tegtmeier.de\/index.php?rest_route=\/wp\/v2\/posts\/1736","targetHints":{"allow":["GET"]}}],"collection":[{"href":"https:\/\/www.martina-tegtmeier.de\/index.php?rest_route=\/wp\/v2\/posts"}],"about":[{"href":"https:\/\/www.martina-tegtmeier.de\/index.php?rest_route=\/wp\/v2\/types\/post"}],"author":[{"embeddable":true,"href":"https:\/\/www.martina-tegtmeier.de\/index.php?rest_route=\/wp\/v2\/users\/2"}],"replies":[{"embeddable":true,"href":"https:\/\/www.martina-tegtmeier.de\/index.php?rest_route=%2Fwp%2Fv2%2Fcomments&post=1736"}],"version-history":[{"count":3,"href":"https:\/\/www.martina-tegtmeier.de\/index.php?rest_route=\/wp\/v2\/posts\/1736\/revisions"}],"predecessor-version":[{"id":1756,"href":"https:\/\/www.martina-tegtmeier.de\/index.php?rest_route=\/wp\/v2\/posts\/1736\/revisions\/1756"}],"wp:attachment":[{"href":"https:\/\/www.martina-tegtmeier.de\/index.php?rest_route=%2Fwp%2Fv2%2Fmedia&parent=1736"}],"wp:term":[{"taxonomy":"category","embeddable":true,"href":"https:\/\/www.martina-tegtmeier.de\/index.php?rest_route=%2Fwp%2Fv2%2Fcategories&post=1736"},{"taxonomy":"post_tag","embeddable":true,"href":"https:\/\/www.martina-tegtmeier.de\/index.php?rest_route=%2Fwp%2Fv2%2Ftags&post=1736"}],"curies":[{"name":"wp","href":"https:\/\/api.w.org\/{rel}","templated":true}]}}