{"id":1746,"date":"2020-03-03T08:39:22","date_gmt":"2020-03-03T08:39:22","guid":{"rendered":"https:\/\/www.martina-tegtmeier.de\/?p=1746"},"modified":"2020-03-05T06:16:21","modified_gmt":"2020-03-05T06:16:21","slug":"fraktion-vor-ort-in-bad-kleinen","status":"publish","type":"post","link":"https:\/\/www.martina-tegtmeier.de\/?p=1746","title":{"rendered":"Fraktion vor Ort in Bad Kleinen"},"content":{"rendered":"<p>Fraktion vor Ort machte diesmal Halt in Bad Kleinen. Gemeinsam mit unserer Sozialministerin Stefanie Drese und mir diskutierte die G\u00e4ste ca. 1,5 Stunden \u00fcber das Thema \u201ebeitragsfreie Kita\u201c. Eine spannende und interessante Diskussion, in der viele Fragen der B\u00fcrgerinnen und B\u00fcrger gekl\u00e4rt werden konnten.<\/p>\n<p>Sehr erfreulich war auch, dass einige Kommunalpolitiker*innen die Chance nutzten, um offene Fragen \u00fcber die Auswirkungen auf den Gemeindehaushalt beantwortet zu bekommen.<\/p>\n<p>Vielen Dank an die Akteure vor Ort f\u00fcr die Unterst\u00fctzung bei der Organisation der Veranstaltung!<\/p>\n<p><a href=\"https:\/\/www.martina-tegtmeier.de\/wp-content\/uploads\/2020\/03\/IMG-20200302-WA0034-1.jpg\"><img loading=\"lazy\" decoding=\"async\" class=\"alignnone size-medium wp-image-1748\" src=\"https:\/\/www.martina-tegtmeier.de\/wp-content\/uploads\/2020\/03\/IMG-20200302-WA0034-1-300x225.jpg\" alt=\"\" width=\"300\" height=\"225\" srcset=\"https:\/\/www.martina-tegtmeier.de\/wp-content\/uploads\/2020\/03\/IMG-20200302-WA0034-1-300x225.jpg 300w, https:\/\/www.martina-tegtmeier.de\/wp-content\/uploads\/2020\/03\/IMG-20200302-WA0034-1-1024x768.jpg 1024w, https:\/\/www.martina-tegtmeier.de\/wp-content\/uploads\/2020\/03\/IMG-20200302-WA0034-1-768x576.jpg 768w, https:\/\/www.martina-tegtmeier.de\/wp-content\/uploads\/2020\/03\/IMG-20200302-WA0034-1-1536x1152.jpg 1536w, https:\/\/www.martina-tegtmeier.de\/wp-content\/uploads\/2020\/03\/IMG-20200302-WA0034-1.jpg 1600w\" sizes=\"auto, (max-width: 300px) 100vw, 300px\" \/>\u00a0\u00a0\u00a0<\/a><\/p>\n<p>&nbsp;<\/p>\n<p>&nbsp;<\/p>\n","protected":false},"excerpt":{"rendered":"<p>Fraktion vor Ort machte diesmal Halt in Bad Kleinen. Gemeinsam mit unserer Sozialministerin Stefanie Drese und mir diskutierte die G\u00e4ste ca. 1,5 Stunden \u00fcber das Thema \u201ebeitragsfreie Kita\u201c. Eine spannende und interessante Diskussion, in der viele Fragen der B\u00fcrgerinnen und &hellip; <a href=\"https:\/\/www.martina-tegtmeier.de\/?p=1746\">Weiterlesen <span class=\"meta-nav\">&rarr;<\/span><\/a><\/p>\n","protected":false},"author":2,"featured_media":0,"comment_status":"closed","ping_status":"closed","sticky":false,"template":"","format":"standard","meta":{"footnotes":""},"categories":[9],"tags":[],"class_list":["post-1746","post","type-post","status-publish","format-standard","hentry","category-aktivitaeten"],"_links":{"self":[{"href":"https:\/\/www.martina-tegtmeier.de\/index.php?rest_route=\/wp\/v2\/posts\/1746","targetHints":{"allow":["GET"]}}],"collection":[{"href":"https:\/\/www.martina-tegtmeier.de\/index.php?rest_route=\/wp\/v2\/posts"}],"about":[{"href":"https:\/\/www.martina-tegtmeier.de\/index.php?rest_route=\/wp\/v2\/types\/post"}],"author":[{"embeddable":true,"href":"https:\/\/www.martina-tegtmeier.de\/index.php?rest_route=\/wp\/v2\/users\/2"}],"replies":[{"embeddable":true,"href":"https:\/\/www.martina-tegtmeier.de\/index.php?rest_route=%2Fwp%2Fv2%2Fcomments&post=1746"}],"version-history":[{"count":5,"href":"https:\/\/www.martina-tegtmeier.de\/index.php?rest_route=\/wp\/v2\/posts\/1746\/revisions"}],"predecessor-version":[{"id":1766,"href":"https:\/\/www.martina-tegtmeier.de\/index.php?rest_route=\/wp\/v2\/posts\/1746\/revisions\/1766"}],"wp:attachment":[{"href":"https:\/\/www.martina-tegtmeier.de\/index.php?rest_route=%2Fwp%2Fv2%2Fmedia&parent=1746"}],"wp:term":[{"taxonomy":"category","embeddable":true,"href":"https:\/\/www.martina-tegtmeier.de\/index.php?rest_route=%2Fwp%2Fv2%2Fcategories&post=1746"},{"taxonomy":"post_tag","embeddable":true,"href":"https:\/\/www.martina-tegtmeier.de\/index.php?rest_route=%2Fwp%2Fv2%2Ftags&post=1746"}],"curies":[{"name":"wp","href":"https:\/\/api.w.org\/{rel}","templated":true}]}}