{"id":1827,"date":"2020-06-02T10:26:52","date_gmt":"2020-06-02T10:26:52","guid":{"rendered":"https:\/\/www.martina-tegtmeier.de\/?p=1827"},"modified":"2020-06-18T08:04:50","modified_gmt":"2020-06-18T08:04:50","slug":"brillen-sammelaktion-in-meinem-wahlkreis-in-der-woche-vom-22-06-2020-26-06-2020","status":"publish","type":"post","link":"https:\/\/www.martina-tegtmeier.de\/?p=1827","title":{"rendered":"Brillen Sammelaktion in meinem Wahlkreis in der Woche vom 22.06.2020 &#8211; 26.06.2020"},"content":{"rendered":"<p>Brille spenden \u2013 Sehen schenken<\/p>\n<p>116 Millionen Menschen sind nur deshalb sehbehindert, weil ihnen eine Sehhilfe fehlt. 89 % der Menschen mit Sehbehinderungen leben in den \u00e4rmsten L\u00e4ndern der Welt.<\/p>\n<p>Deshalb f\u00fchre ich in meinem Wahlkreis, den \u00c4mtern Gadebusch, Neukloster-Warin, L\u00fctzow-L\u00fcbstorf, Dorf Mecklenburg-Bad Kleinen, Neuburg und dem Ostseebad Insel Poel, eine Brillen-Sammelaktion durch.<\/p>\n<div class=\"text_exposed_show\">\n<p>Orte und Zeiten:<\/p>\n<p>22.06.2020 08:00 Uhr bis 10:00 Uhr Gadebusch \u2013 ehemaliger Edeka Parkplatz<\/p>\n<p>22.06.2020 10:30 Uhr bis 12:30 Uhr M\u00fchlen Eichsen \u2013 Festwiese an der Bushaltestelle<\/p>\n<p>23.06.2020 08:00 Uhr bis 10:00 Uhr L\u00fctzow \u2013 Parkplatz \u201eKlugs Backstube\u201c<\/p>\n<p>23.06.2020 10:30 Uhr bis 12:30 Uhr Bad Kleinen \u2013 Festwiese gegen\u00fcber der Mensa<\/p>\n<p>24.06.2020 09:00 Uhr bis 11:00 Uhr Kirchdorf\/ Poel \u2013 Parkplatz vor dem Gemeindezentrum<\/p>\n<p>24.06.2020 11:30 Uhr bis 13:30 Uhr Neuburg \u2013 Parkplatz der Amtsverwaltung<\/p>\n<p>25.06.2020 12:00 Uhr bis 14:00 Uhr Warin \u2013 Parkplatz \u201eAm M\u00fchlentor\u201c<\/p>\n<p>25.06.2020 14:30 Uhr bis 16:30 Uhr Seehof \u2013 Rasenfl\u00e4che am Eschenweg 27<\/p>\n<p>26.06.2020 08:00 Uhr bis 10:00 Uhr Dorf Mecklenburg \u2013 vor der Mehrzweckhalle<\/p>\n<p>26.06.2020 10:30 Uhr bis 12:30 Uhr Neukloster \u2013 Clara Zetkin Platz<\/p>\n<p>Es besteht auch die M\u00f6glichkeit, nicht mehr ben\u00f6tigte Brillen direkt in meinem B\u00fcrgerb\u00fcro in 23996 Bad Kleinen, Gallentiner Chaussee 11, abzugeben bzw. zu schicken.<\/p>\n<p>N\u00e4here Informationen zu dieser Aktion, gibt es auf folgender Webseite: https:\/\/brillenweltweit.de\/<\/p>\n<p><a href=\"https:\/\/www.martina-tegtmeier.de\/wp-content\/uploads\/2020\/06\/Screenshot_20200602_112903.jpg\"><img loading=\"lazy\" decoding=\"async\" class=\"alignnone size-medium wp-image-1829\" src=\"https:\/\/www.martina-tegtmeier.de\/wp-content\/uploads\/2020\/06\/Screenshot_20200602_112903-235x300.jpg\" alt=\"\" width=\"235\" height=\"300\" srcset=\"https:\/\/www.martina-tegtmeier.de\/wp-content\/uploads\/2020\/06\/Screenshot_20200602_112903-235x300.jpg 235w, https:\/\/www.martina-tegtmeier.de\/wp-content\/uploads\/2020\/06\/Screenshot_20200602_112903-802x1024.jpg 802w, https:\/\/www.martina-tegtmeier.de\/wp-content\/uploads\/2020\/06\/Screenshot_20200602_112903-768x980.jpg 768w, https:\/\/www.martina-tegtmeier.de\/wp-content\/uploads\/2020\/06\/Screenshot_20200602_112903.jpg 973w\" sizes=\"auto, (max-width: 235px) 100vw, 235px\" \/><\/a><\/p>\n<p>&nbsp;<\/p>\n<\/div>\n","protected":false},"excerpt":{"rendered":"<p>Brille spenden \u2013 Sehen schenken 116 Millionen Menschen sind nur deshalb sehbehindert, weil ihnen eine Sehhilfe fehlt. 89 % der Menschen mit Sehbehinderungen leben in den \u00e4rmsten L\u00e4ndern der Welt. Deshalb f\u00fchre ich in meinem Wahlkreis, den \u00c4mtern Gadebusch, Neukloster-Warin, &hellip; <a href=\"https:\/\/www.martina-tegtmeier.de\/?p=1827\">Weiterlesen <span class=\"meta-nav\">&rarr;<\/span><\/a><\/p>\n","protected":false},"author":2,"featured_media":0,"comment_status":"closed","ping_status":"closed","sticky":false,"template":"","format":"standard","meta":{"footnotes":""},"categories":[9,8],"tags":[],"class_list":["post-1827","post","type-post","status-publish","format-standard","hentry","category-aktivitaeten","category-aktuelles"],"_links":{"self":[{"href":"https:\/\/www.martina-tegtmeier.de\/index.php?rest_route=\/wp\/v2\/posts\/1827","targetHints":{"allow":["GET"]}}],"collection":[{"href":"https:\/\/www.martina-tegtmeier.de\/index.php?rest_route=\/wp\/v2\/posts"}],"about":[{"href":"https:\/\/www.martina-tegtmeier.de\/index.php?rest_route=\/wp\/v2\/types\/post"}],"author":[{"embeddable":true,"href":"https:\/\/www.martina-tegtmeier.de\/index.php?rest_route=\/wp\/v2\/users\/2"}],"replies":[{"embeddable":true,"href":"https:\/\/www.martina-tegtmeier.de\/index.php?rest_route=%2Fwp%2Fv2%2Fcomments&post=1827"}],"version-history":[{"count":7,"href":"https:\/\/www.martina-tegtmeier.de\/index.php?rest_route=\/wp\/v2\/posts\/1827\/revisions"}],"predecessor-version":[{"id":1839,"href":"https:\/\/www.martina-tegtmeier.de\/index.php?rest_route=\/wp\/v2\/posts\/1827\/revisions\/1839"}],"wp:attachment":[{"href":"https:\/\/www.martina-tegtmeier.de\/index.php?rest_route=%2Fwp%2Fv2%2Fmedia&parent=1827"}],"wp:term":[{"taxonomy":"category","embeddable":true,"href":"https:\/\/www.martina-tegtmeier.de\/index.php?rest_route=%2Fwp%2Fv2%2Fcategories&post=1827"},{"taxonomy":"post_tag","embeddable":true,"href":"https:\/\/www.martina-tegtmeier.de\/index.php?rest_route=%2Fwp%2Fv2%2Ftags&post=1827"}],"curies":[{"name":"wp","href":"https:\/\/api.w.org\/{rel}","templated":true}]}}