{"id":1844,"date":"2020-08-24T12:03:01","date_gmt":"2020-08-24T12:03:01","guid":{"rendered":"https:\/\/www.martina-tegtmeier.de\/?p=1844"},"modified":"2020-11-23T06:18:12","modified_gmt":"2020-11-23T06:18:12","slug":"aktion-brillen-spenden-sehen-schenken","status":"publish","type":"post","link":"https:\/\/www.martina-tegtmeier.de\/?p=1844","title":{"rendered":"Aktion \u201eBrillen spenden \u2013 Sehen schenken\u201c"},"content":{"rendered":"<p><strong>Aktion \u201eBrillen spenden \u2013 Sehen schenken\u201c<\/strong><\/p>\n<p><strong>Danke f\u00fcr die gro\u00dfartige Unterst\u00fctzung<\/strong><\/p>\n<p><strong>\u00a0<\/strong><\/p>\n<p>Im Juni startete ich mit der Bitte um eine Brillenspende in verschiedenen Orten in meinem Wahlkreis diese Aktion.<\/p>\n<p>Auf der Insel Poel in Neuburg, Warin, Gadebusch, L\u00fctzow, Seehof, Bad Kleinen, M\u00fchlen Eichsen, Dorf Mecklenburg und in Neukloster kamen zahlreiche B\u00fcrger und B\u00fcrgerinnen mit ihren nicht mehr ben\u00f6tigten Brillen an die St\u00e4nde.<\/p>\n<p>Insgesamt wurden 1.150 Brillen gespendet. Dieses Ergebnis macht mich stolz und dankbar \u2013 denn so kann zahlreichen Menschen in Entwicklungsl\u00e4ndern geholfen werden, die dringend eine Brille ben\u00f6tigen.<\/p>\n<p>Die Brillen werden jetzt in Koblenz aufgearbeitet und von dort aus in die jeweiligen Bestimmungsl\u00e4nder gesandt.<\/p>\n<p>Vielen Dank, dass Sie mit Ihrer Spende dieses Projekt unterst\u00fctzt haben!<\/p>\n<p>Herzlichst<\/p>\n<p>Ihre Martina Tegtmeier<\/p>\n<p><a href=\"https:\/\/www.martina-tegtmeier.de\/wp-content\/uploads\/2020\/08\/IMG_20200824_084828-scaled.jpg\"><img loading=\"lazy\" decoding=\"async\" class=\"alignnone size-medium wp-image-1845\" src=\"https:\/\/www.martina-tegtmeier.de\/wp-content\/uploads\/2020\/08\/IMG_20200824_084828-225x300.jpg\" alt=\"\" width=\"225\" height=\"300\" srcset=\"https:\/\/www.martina-tegtmeier.de\/wp-content\/uploads\/2020\/08\/IMG_20200824_084828-225x300.jpg 225w, https:\/\/www.martina-tegtmeier.de\/wp-content\/uploads\/2020\/08\/IMG_20200824_084828-768x1024.jpg 768w, https:\/\/www.martina-tegtmeier.de\/wp-content\/uploads\/2020\/08\/IMG_20200824_084828-1152x1536.jpg 1152w, https:\/\/www.martina-tegtmeier.de\/wp-content\/uploads\/2020\/08\/IMG_20200824_084828-1536x2048.jpg 1536w, https:\/\/www.martina-tegtmeier.de\/wp-content\/uploads\/2020\/08\/IMG_20200824_084828-scaled.jpg 1920w\" sizes=\"auto, (max-width: 225px) 100vw, 225px\" \/><\/a><\/p>\n","protected":false},"excerpt":{"rendered":"<p>Aktion \u201eBrillen spenden \u2013 Sehen schenken\u201c Danke f\u00fcr die gro\u00dfartige Unterst\u00fctzung \u00a0 Im Juni startete ich mit der Bitte um eine Brillenspende in verschiedenen Orten in meinem Wahlkreis diese Aktion. Auf der Insel Poel in Neuburg, Warin, Gadebusch, L\u00fctzow, Seehof, &hellip; <a href=\"https:\/\/www.martina-tegtmeier.de\/?p=1844\">Weiterlesen <span class=\"meta-nav\">&rarr;<\/span><\/a><\/p>\n","protected":false},"author":2,"featured_media":0,"comment_status":"closed","ping_status":"closed","sticky":false,"template":"","format":"standard","meta":{"footnotes":""},"categories":[9,8],"tags":[],"class_list":["post-1844","post","type-post","status-publish","format-standard","hentry","category-aktivitaeten","category-aktuelles"],"_links":{"self":[{"href":"https:\/\/www.martina-tegtmeier.de\/index.php?rest_route=\/wp\/v2\/posts\/1844","targetHints":{"allow":["GET"]}}],"collection":[{"href":"https:\/\/www.martina-tegtmeier.de\/index.php?rest_route=\/wp\/v2\/posts"}],"about":[{"href":"https:\/\/www.martina-tegtmeier.de\/index.php?rest_route=\/wp\/v2\/types\/post"}],"author":[{"embeddable":true,"href":"https:\/\/www.martina-tegtmeier.de\/index.php?rest_route=\/wp\/v2\/users\/2"}],"replies":[{"embeddable":true,"href":"https:\/\/www.martina-tegtmeier.de\/index.php?rest_route=%2Fwp%2Fv2%2Fcomments&post=1844"}],"version-history":[{"count":1,"href":"https:\/\/www.martina-tegtmeier.de\/index.php?rest_route=\/wp\/v2\/posts\/1844\/revisions"}],"predecessor-version":[{"id":1846,"href":"https:\/\/www.martina-tegtmeier.de\/index.php?rest_route=\/wp\/v2\/posts\/1844\/revisions\/1846"}],"wp:attachment":[{"href":"https:\/\/www.martina-tegtmeier.de\/index.php?rest_route=%2Fwp%2Fv2%2Fmedia&parent=1844"}],"wp:term":[{"taxonomy":"category","embeddable":true,"href":"https:\/\/www.martina-tegtmeier.de\/index.php?rest_route=%2Fwp%2Fv2%2Fcategories&post=1844"},{"taxonomy":"post_tag","embeddable":true,"href":"https:\/\/www.martina-tegtmeier.de\/index.php?rest_route=%2Fwp%2Fv2%2Ftags&post=1844"}],"curies":[{"name":"wp","href":"https:\/\/api.w.org\/{rel}","templated":true}]}}