{"id":1855,"date":"2020-10-14T07:19:29","date_gmt":"2020-10-14T07:19:29","guid":{"rendered":"https:\/\/www.martina-tegtmeier.de\/?p=1855"},"modified":"2020-11-23T06:19:08","modified_gmt":"2020-11-23T06:19:08","slug":"landschaftspflegeverband-nordwestmecklenburg-erhaelt-einen-foerdermittelbescheid-fuer-die-insel-lieps","status":"publish","type":"post","link":"https:\/\/www.martina-tegtmeier.de\/?p=1855","title":{"rendered":"Landschaftspflegeverband Nordwestmecklenburg erh\u00e4lt einen F\u00f6rdermittelbescheid f\u00fcr die Insel Lieps."},"content":{"rendered":"<div class=\"\" dir=\"auto\">\n<div id=\"jsc_c_4e\" class=\"ecm0bbzt hv4rvrfc ihqw7lf3 dati1w0a\" data-ad-comet-preview=\"message\" data-ad-preview=\"message\">\n<div class=\"j83agx80 cbu4d94t ew0dbk1b irj2b8pg\">\n<div class=\"qzhwtbm6 knvmm38d\">\n<div class=\"kvgmc6g5 cxmmr5t8 oygrvhab hcukyx3x c1et5uql ii04i59q\">\n<div dir=\"auto\">Heute hat Dr. Till Backhaus, Minister f\u00fcr Landwirtschaft und Umwelt in Mecklenburg-Vorpommern, in Gallentin einen F\u00f6rdermittelbescheid in H\u00f6he von rund 57.900 Euro an den Landschaftspflegeverband Nordwestmecklenburg, in Vertretung an den Vorsitzenden Herrn Michael Steigmann, \u00fcberreicht. Damit wird eine behutsame touristische Erschlie\u00dfung der Insel Lieps gef\u00f6rdert. Die Obstwiese und die alte Hofstelle sollen neu gestaltet werden.<\/div>\n<div dir=\"auto\">Der Landschaftspflegeverband Nordwestmecklenburg NWM e.V. wurde 1993 in Dorf Mecklenburg als &#8222;Landschaftspflegeverband 1000-j\u00e4hriges Mecklenburg&#8220; gegr\u00fcndet.<\/div>\n<div dir=\"auto\"><\/div>\n<div dir=\"auto\"><a href=\"https:\/\/www.martina-tegtmeier.de\/wp-content\/uploads\/2020\/10\/IMG_20201014_132506-scaled.jpg\"><img loading=\"lazy\" decoding=\"async\" class=\"alignnone size-medium wp-image-1856\" src=\"https:\/\/www.martina-tegtmeier.de\/wp-content\/uploads\/2020\/10\/IMG_20201014_132506-300x225.jpg\" alt=\"\" width=\"300\" height=\"225\" srcset=\"https:\/\/www.martina-tegtmeier.de\/wp-content\/uploads\/2020\/10\/IMG_20201014_132506-300x225.jpg 300w, https:\/\/www.martina-tegtmeier.de\/wp-content\/uploads\/2020\/10\/IMG_20201014_132506-1024x768.jpg 1024w, https:\/\/www.martina-tegtmeier.de\/wp-content\/uploads\/2020\/10\/IMG_20201014_132506-768x576.jpg 768w, https:\/\/www.martina-tegtmeier.de\/wp-content\/uploads\/2020\/10\/IMG_20201014_132506-1536x1152.jpg 1536w, https:\/\/www.martina-tegtmeier.de\/wp-content\/uploads\/2020\/10\/IMG_20201014_132506-2048x1536.jpg 2048w\" sizes=\"auto, (max-width: 300px) 100vw, 300px\" \/><\/a><a href=\"https:\/\/www.martina-tegtmeier.de\/wp-content\/uploads\/2020\/10\/IMG_20201014_134115-scaled.jpg\"><img loading=\"lazy\" decoding=\"async\" class=\"alignnone size-medium wp-image-1857\" src=\"https:\/\/www.martina-tegtmeier.de\/wp-content\/uploads\/2020\/10\/IMG_20201014_134115-225x300.jpg\" alt=\"\" width=\"225\" height=\"300\" srcset=\"https:\/\/www.martina-tegtmeier.de\/wp-content\/uploads\/2020\/10\/IMG_20201014_134115-225x300.jpg 225w, https:\/\/www.martina-tegtmeier.de\/wp-content\/uploads\/2020\/10\/IMG_20201014_134115-768x1024.jpg 768w, https:\/\/www.martina-tegtmeier.de\/wp-content\/uploads\/2020\/10\/IMG_20201014_134115-1152x1536.jpg 1152w, https:\/\/www.martina-tegtmeier.de\/wp-content\/uploads\/2020\/10\/IMG_20201014_134115-1536x2048.jpg 1536w, https:\/\/www.martina-tegtmeier.de\/wp-content\/uploads\/2020\/10\/IMG_20201014_134115-scaled.jpg 1920w\" sizes=\"auto, (max-width: 225px) 100vw, 225px\" \/><\/a><a href=\"https:\/\/www.martina-tegtmeier.de\/wp-content\/uploads\/2020\/10\/IMG_20201014_133622-scaled.jpg\"><img loading=\"lazy\" decoding=\"async\" class=\"alignnone size-medium wp-image-1858\" src=\"https:\/\/www.martina-tegtmeier.de\/wp-content\/uploads\/2020\/10\/IMG_20201014_133622-300x225.jpg\" alt=\"\" width=\"300\" height=\"225\" srcset=\"https:\/\/www.martina-tegtmeier.de\/wp-content\/uploads\/2020\/10\/IMG_20201014_133622-300x225.jpg 300w, https:\/\/www.martina-tegtmeier.de\/wp-content\/uploads\/2020\/10\/IMG_20201014_133622-1024x768.jpg 1024w, https:\/\/www.martina-tegtmeier.de\/wp-content\/uploads\/2020\/10\/IMG_20201014_133622-768x576.jpg 768w, https:\/\/www.martina-tegtmeier.de\/wp-content\/uploads\/2020\/10\/IMG_20201014_133622-1536x1152.jpg 1536w, https:\/\/www.martina-tegtmeier.de\/wp-content\/uploads\/2020\/10\/IMG_20201014_133622-2048x1536.jpg 2048w\" sizes=\"auto, (max-width: 300px) 100vw, 300px\" \/><\/a><\/div>\n<\/div>\n<\/div>\n<\/div>\n<\/div>\n<\/div>\n","protected":false},"excerpt":{"rendered":"<p>Heute hat Dr. Till Backhaus, Minister f\u00fcr Landwirtschaft und Umwelt in Mecklenburg-Vorpommern, in Gallentin einen F\u00f6rdermittelbescheid in H\u00f6he von rund 57.900 Euro an den Landschaftspflegeverband Nordwestmecklenburg, in Vertretung an den Vorsitzenden Herrn Michael Steigmann, \u00fcberreicht. Damit wird eine behutsame touristische &hellip; <a href=\"https:\/\/www.martina-tegtmeier.de\/?p=1855\">Weiterlesen <span class=\"meta-nav\">&rarr;<\/span><\/a><\/p>\n","protected":false},"author":2,"featured_media":0,"comment_status":"closed","ping_status":"closed","sticky":false,"template":"","format":"standard","meta":{"footnotes":""},"categories":[9,8],"tags":[],"class_list":["post-1855","post","type-post","status-publish","format-standard","hentry","category-aktivitaeten","category-aktuelles"],"_links":{"self":[{"href":"https:\/\/www.martina-tegtmeier.de\/index.php?rest_route=\/wp\/v2\/posts\/1855","targetHints":{"allow":["GET"]}}],"collection":[{"href":"https:\/\/www.martina-tegtmeier.de\/index.php?rest_route=\/wp\/v2\/posts"}],"about":[{"href":"https:\/\/www.martina-tegtmeier.de\/index.php?rest_route=\/wp\/v2\/types\/post"}],"author":[{"embeddable":true,"href":"https:\/\/www.martina-tegtmeier.de\/index.php?rest_route=\/wp\/v2\/users\/2"}],"replies":[{"embeddable":true,"href":"https:\/\/www.martina-tegtmeier.de\/index.php?rest_route=%2Fwp%2Fv2%2Fcomments&post=1855"}],"version-history":[{"count":3,"href":"https:\/\/www.martina-tegtmeier.de\/index.php?rest_route=\/wp\/v2\/posts\/1855\/revisions"}],"predecessor-version":[{"id":1868,"href":"https:\/\/www.martina-tegtmeier.de\/index.php?rest_route=\/wp\/v2\/posts\/1855\/revisions\/1868"}],"wp:attachment":[{"href":"https:\/\/www.martina-tegtmeier.de\/index.php?rest_route=%2Fwp%2Fv2%2Fmedia&parent=1855"}],"wp:term":[{"taxonomy":"category","embeddable":true,"href":"https:\/\/www.martina-tegtmeier.de\/index.php?rest_route=%2Fwp%2Fv2%2Fcategories&post=1855"},{"taxonomy":"post_tag","embeddable":true,"href":"https:\/\/www.martina-tegtmeier.de\/index.php?rest_route=%2Fwp%2Fv2%2Ftags&post=1855"}],"curies":[{"name":"wp","href":"https:\/\/api.w.org\/{rel}","templated":true}]}}