{"id":1864,"date":"2020-11-20T09:48:13","date_gmt":"2020-11-20T09:48:13","guid":{"rendered":"https:\/\/www.martina-tegtmeier.de\/?p=1864"},"modified":"2020-11-23T06:19:29","modified_gmt":"2020-11-23T06:19:29","slug":"das-wahljahr-2021-wirft-seine-schatten-voraus","status":"publish","type":"post","link":"https:\/\/www.martina-tegtmeier.de\/?p=1864","title":{"rendered":"Das Wahljahr 2021 wirft seine Schatten voraus"},"content":{"rendered":"<h3>Das Wahljahr 2021 wirft seine Schatten voraus<\/h3>\n<div class=\"itemBody\">\n<div class=\"itemTeaserText\">Zurzeit bereitet der Landtag eine Novellierung des Landes- und Kommunalwahlgesetzes vor. Dazu erkl\u00e4rt Martina Tegtmeier, innenpolitische Sprecherin der SPD-Fraktion im Landtag Mecklenburg-Vorpommern:<\/div>\n<div class=\"itemFullText\">\n<p>&#8222;Durch die Einschr\u00e4nkungen der Versammlungsm\u00f6glichkeiten aufgrund der Corona-Verordnungen sind die Verfahren zur Aufstellung von Kandidatinnen und Kandidaten f\u00fcr anstehende Wahlen m\u00f6glicherweise nicht in gewohnter Weise durchf\u00fchrbar. Um den strengen Anforderungen an Wahlen auch in solchen Ausnahmesituationen gerecht werden zu k\u00f6nnen, m\u00fcssen wir Vorsorge treffen. Weil hier Grundrechte betroffen sind, ist dies nur durch eine \u00c4nderung im Wahlrecht m\u00f6glich. Zurzeit bereiten wir daher eine Novellierung des Landes- und Kommunalwahlgesetzes vor, dass einen Notfallmechanismus f\u00fcr \u2013 und nur f\u00fcr diese \u2013 Krisensituationen vorsieht. Solch ein Notfallmechanismus muss beispielsweise gew\u00e4hrleisten, dass Parteitage trotz Pandemie m\u00f6glich sind. Daf\u00fcr muss die Voraussetzung geschaffen werden, dass Parteien in Mecklenburg-Vorpommern ihre Kandidat*innen ohne Pr\u00e4senzversammlungen aufstellen k\u00f6nnen. Im Normalfall ist f\u00fcr die Aufstellung eine Wahlversammlung mit pers\u00f6nlicher Anwesenheit von Kandidatinnen und Delegierten notwendig. K\u00fcnftig sollen diese Abstimmungen in Krisensituationen per Briefwahl oder digital erfolgen k\u00f6nnen. Auch die M\u00f6glichkeit, eine Wahl komplett als Briefwahl durchzuf\u00fchren, soll er\u00f6rtert werden. F\u00fcr solche F\u00e4lle wollen wir auch Vorsorge f\u00fcr Parteien, die zum ersten Mal zu einer Wahl antreten wollen und dazu Unterst\u00fctzerunterschriften mit einreichen m\u00fcssen, schaffen. Diese H\u00fcrde soll in diesem Zusammenhang abgesenkt werden. Ungeachtet dessen, geh\u00f6rt f\u00fcr uns die Pr\u00e4senz im politischen Prozess auch weiterhin zu den grunds\u00e4tzlichen demokratischen Spielregeln.<\/p>\n<p>F\u00fcr uns ist es unverst\u00e4ndlich, dass vor allem eine Fraktion hierbei sofort von m\u00f6glichem Wahlbetrug redet. Wer sich mit unserem Meldesystem und den Wahlverfahren \u2013 auch bei Briefwahlen \u2013 schon einmal intensiv besch\u00e4ftigt hat, wird \u00fcber diesen &#8218;Verdacht&#8216; nur den Kopf sch\u00fctteln k\u00f6nnen.\u201c<\/p>\n<\/div>\n<\/div>\n","protected":false},"excerpt":{"rendered":"<p>Das Wahljahr 2021 wirft seine Schatten voraus Zurzeit bereitet der Landtag eine Novellierung des Landes- und Kommunalwahlgesetzes vor. Dazu erkl\u00e4rt Martina Tegtmeier, innenpolitische Sprecherin der SPD-Fraktion im Landtag Mecklenburg-Vorpommern: &#8222;Durch die Einschr\u00e4nkungen der Versammlungsm\u00f6glichkeiten aufgrund der Corona-Verordnungen sind die Verfahren &hellip; <a href=\"https:\/\/www.martina-tegtmeier.de\/?p=1864\">Weiterlesen <span class=\"meta-nav\">&rarr;<\/span><\/a><\/p>\n","protected":false},"author":2,"featured_media":0,"comment_status":"closed","ping_status":"closed","sticky":false,"template":"","format":"standard","meta":{"footnotes":""},"categories":[8],"tags":[],"class_list":["post-1864","post","type-post","status-publish","format-standard","hentry","category-aktuelles"],"_links":{"self":[{"href":"https:\/\/www.martina-tegtmeier.de\/index.php?rest_route=\/wp\/v2\/posts\/1864","targetHints":{"allow":["GET"]}}],"collection":[{"href":"https:\/\/www.martina-tegtmeier.de\/index.php?rest_route=\/wp\/v2\/posts"}],"about":[{"href":"https:\/\/www.martina-tegtmeier.de\/index.php?rest_route=\/wp\/v2\/types\/post"}],"author":[{"embeddable":true,"href":"https:\/\/www.martina-tegtmeier.de\/index.php?rest_route=\/wp\/v2\/users\/2"}],"replies":[{"embeddable":true,"href":"https:\/\/www.martina-tegtmeier.de\/index.php?rest_route=%2Fwp%2Fv2%2Fcomments&post=1864"}],"version-history":[{"count":1,"href":"https:\/\/www.martina-tegtmeier.de\/index.php?rest_route=\/wp\/v2\/posts\/1864\/revisions"}],"predecessor-version":[{"id":1865,"href":"https:\/\/www.martina-tegtmeier.de\/index.php?rest_route=\/wp\/v2\/posts\/1864\/revisions\/1865"}],"wp:attachment":[{"href":"https:\/\/www.martina-tegtmeier.de\/index.php?rest_route=%2Fwp%2Fv2%2Fmedia&parent=1864"}],"wp:term":[{"taxonomy":"category","embeddable":true,"href":"https:\/\/www.martina-tegtmeier.de\/index.php?rest_route=%2Fwp%2Fv2%2Fcategories&post=1864"},{"taxonomy":"post_tag","embeddable":true,"href":"https:\/\/www.martina-tegtmeier.de\/index.php?rest_route=%2Fwp%2Fv2%2Ftags&post=1864"}],"curies":[{"name":"wp","href":"https:\/\/api.w.org\/{rel}","templated":true}]}}