{"id":1870,"date":"2020-11-25T08:40:26","date_gmt":"2020-11-25T08:40:26","guid":{"rendered":"https:\/\/www.martina-tegtmeier.de\/?p=1870"},"modified":"2020-11-25T08:40:26","modified_gmt":"2020-11-25T08:40:26","slug":"ein-klares-nein-zu-gewalt-gegen-frauen-und-maedchen","status":"publish","type":"post","link":"https:\/\/www.martina-tegtmeier.de\/?p=1870","title":{"rendered":"Ein klares Nein zu Gewalt gegen Frauen und M\u00e4dchen"},"content":{"rendered":"<div class=\"itemBody\">\n<div class=\"itemTeaserText\">Heute, am 25. November, ist Internationaler Tag gegen Gewalt an Frauen und M\u00e4dchen. Der Aktionstag macht allj\u00e4hrlich auf h\u00e4usliche Gewalt aufmerksam und ruft zur Bek\u00e4mpfung von Diskriminierung und Gewalt jeder Form und zur St\u00e4rkung von Frauenrechten auf. \u201eFrei leben ohne Gewalt\u201c ist das Motto des internationalen Aktionstages. Dazu erkl\u00e4rt Martina Tegtmeier, gleichstellungspolitische Sprecherin der SPD-Fraktion im Landtag Mecklenburg-Vorpommern:<\/div>\n<div class=\"itemFullText\">\n\u201eTraurige Wahrheit ist, dass Gewalt gegen Frauen und M\u00e4dchen weiterhin aktuell bleibt. Auch heutzutage m\u00fcssen wir besorgt dar\u00fcber sein, dass es nach wie vor nicht gelungen ist, die Rechte und Freiheiten im Falle von Gewalt gegen Frauen zu sch\u00fctzen und zu f\u00f6rdern. Gewalt hat dabei viele Gesichter; es geht immer um Macht und Kontrolle \u00fcber den anderen. Dabei kennt h\u00e4usliche Gewalt gegen Frauen keine geographischen Grenzen. Sie beschr\u00e4nkt sich auch nicht auf ein bestimmtes Alter oder eine Hautfarbe und betrifft alle Arten famili\u00e4rer Beziehungen und soziale Klassen. Sie ist eine der am weitesten verbreiteten Menschenrechtsverletzungen weltweit und muss konsequent, auch mit allen rechtlichen Mitteln bek\u00e4mpft werden. Denn die Zahlen sind nach wie vor ersch\u00fctternd. Frauen sind von h\u00e4uslicher Gewalt h\u00e4ufiger bedroht, als durch andere Gewaltdelikte \u2013 und diese Gewalt findet in den eigenen vier W\u00e4nden statt. Jede dritte Frau ist mindestens einmal in ihrem Leben von physischer und\/oder sexualisierter Gewalt betroffen. Alle f\u00fcnf Minuten wird in Deutschland eine Frau misshandelt, gestalkt oder bedroht. Und das sind nur die Zahlen, die bekannt sind.<br \/>\nIn diesem Jahr stehen Paare und Familien jedoch vor besonderen Herausforderungen. Durch die Corona-Pandemie und die Kontaktbeschr\u00e4nkungen steigt das Risiko h\u00e4uslicher Gewalt \u2013 aufgrund von Stress und Existenz\u00e4ngsten. Zugleich wird es schwieriger f\u00fcr die Betroffenen, Hilfsangebote aufzusuchen und in Anspruch zu nehmen. Wir m\u00fcssen in diesen Zeiten gemeinsam darauf achten, dass die Beschr\u00e4nkungen Frauen und Kinder nicht noch mehr schaden, ihr Zuhause darf nicht zu einem Ort der Angst werden.<br \/>\nGewalt ist niemals Privatsache. Wir reden hier immer von Straftaten. Damit geht es uns alle etwas an, denn schweigen sch\u00fctzt allein den T\u00e4ter. Darum sollten wir alle diese Verpflichtung ernst nehmen und Stellung beziehen, um auf h\u00e4usliche Gewalt aufmerksam zu machen. Wegschauen ist bei h\u00e4uslicher Gewalt und Gewalt gegen Frauen keine Option.<br \/>\nMittlerweile gibt es seit mehr als 30 Jahren Beratungsstellen, Hilfsangebote und inzwischen auch eine ge\u00e4nderte Rechtslage. Doch die Zahlen bleiben alarmierend hoch. Mecklenburg-Vorpommern verf\u00fcgt \u00fcber ein gutes Netz an Hilfs- und Beratungsangeboten und das muss auch so bleiben. Ziel ist die Verhinderung h\u00e4uslicher Gewalt sowie die zeitnahe Beratung und Hilfestellung f\u00fcr die Opfer. Neben der sicheren Unterbringung, der Beratung der Opfer und dem polizeilichen Einschreiten bilden eine konsequente Strafverfolgung sowie zivilrechtliche Schutzma\u00dfnahmen nach dem Gewaltschutzgesetz die Basis f\u00fcr ein Vorgehen gegen h\u00e4usliche Gewalt.\u201c<\/div>\n<\/div>\n","protected":false},"excerpt":{"rendered":"<p>Heute, am 25. November, ist Internationaler Tag gegen Gewalt an Frauen und M\u00e4dchen. Der Aktionstag macht allj\u00e4hrlich auf h\u00e4usliche Gewalt aufmerksam und ruft zur Bek\u00e4mpfung von Diskriminierung und Gewalt jeder Form und zur St\u00e4rkung von Frauenrechten auf. \u201eFrei leben ohne &hellip; <a href=\"https:\/\/www.martina-tegtmeier.de\/?p=1870\">Weiterlesen <span class=\"meta-nav\">&rarr;<\/span><\/a><\/p>\n","protected":false},"author":2,"featured_media":0,"comment_status":"closed","ping_status":"closed","sticky":false,"template":"","format":"standard","meta":{"footnotes":""},"categories":[8],"tags":[],"class_list":["post-1870","post","type-post","status-publish","format-standard","hentry","category-aktuelles"],"_links":{"self":[{"href":"https:\/\/www.martina-tegtmeier.de\/index.php?rest_route=\/wp\/v2\/posts\/1870","targetHints":{"allow":["GET"]}}],"collection":[{"href":"https:\/\/www.martina-tegtmeier.de\/index.php?rest_route=\/wp\/v2\/posts"}],"about":[{"href":"https:\/\/www.martina-tegtmeier.de\/index.php?rest_route=\/wp\/v2\/types\/post"}],"author":[{"embeddable":true,"href":"https:\/\/www.martina-tegtmeier.de\/index.php?rest_route=\/wp\/v2\/users\/2"}],"replies":[{"embeddable":true,"href":"https:\/\/www.martina-tegtmeier.de\/index.php?rest_route=%2Fwp%2Fv2%2Fcomments&post=1870"}],"version-history":[{"count":1,"href":"https:\/\/www.martina-tegtmeier.de\/index.php?rest_route=\/wp\/v2\/posts\/1870\/revisions"}],"predecessor-version":[{"id":1871,"href":"https:\/\/www.martina-tegtmeier.de\/index.php?rest_route=\/wp\/v2\/posts\/1870\/revisions\/1871"}],"wp:attachment":[{"href":"https:\/\/www.martina-tegtmeier.de\/index.php?rest_route=%2Fwp%2Fv2%2Fmedia&parent=1870"}],"wp:term":[{"taxonomy":"category","embeddable":true,"href":"https:\/\/www.martina-tegtmeier.de\/index.php?rest_route=%2Fwp%2Fv2%2Fcategories&post=1870"},{"taxonomy":"post_tag","embeddable":true,"href":"https:\/\/www.martina-tegtmeier.de\/index.php?rest_route=%2Fwp%2Fv2%2Ftags&post=1870"}],"curies":[{"name":"wp","href":"https:\/\/api.w.org\/{rel}","templated":true}]}}