{"id":1873,"date":"2020-11-30T10:04:14","date_gmt":"2020-11-30T10:04:14","guid":{"rendered":"https:\/\/www.martina-tegtmeier.de\/?p=1873"},"modified":"2020-11-30T10:04:14","modified_gmt":"2020-11-30T10:04:14","slug":"gewinner-des-kurzgeschichten-wettbewerbes-stehen-fest","status":"publish","type":"post","link":"https:\/\/www.martina-tegtmeier.de\/?p=1873","title":{"rendered":"Gewinner des Kurzgeschichten Wettbewerbes stehen fest"},"content":{"rendered":"<p>Unter dem Motto\u00a0 Langeweile? Fantasie gefragt! habe ich im Fr\u00fchjahr einen kleinen Wettbewerb ausgeschrieben, der die Kreativit\u00e4t der B\u00fcrger und B\u00fcrgerinnen herausfordern sollte. Es ging darum, mir ihre tollsten Erlebnisse w\u00e4hrend der Corona-Zeit in Form einer Kurzgeschichte aufs\u00a0 Papier zu bringen.<br \/>\nEine Jury bestehend aus der ehemaligen Finanzministerin Heike Polzin und dem Fraktionsvorsitzenden der SPD-Kreistagsfraktion Christian Albeck hatten die schwere Aufgabe aus den Einsendungen die ersten drei Pl\u00e4tze zu vergeben.<br \/>\nDen 1. Preis erhielt Greta Ehrlich von der Insel Poel. Die 9-J\u00e4hrige \u00fcberzeugte mit ihrer Geschichte von ihrem Hund Peppi und brachte mit ihren Nachnamen \u201eEhrlich\u201c in der Geschichte den einen oder anderen Schmunzler unter.<br \/>\nGreta wird im Juni 2021 mit ihrer Klasse das Schloss in Schwerin besuchen, inkl. Besuch des Plenarsaales und des Museums sowie anschlie\u00dfendem Mittagessen. Vorab gab es schon mal einen gro\u00dfen Adventskalender und einen Tischkalender der Landtagspr\u00e4sidentin Birgit Hesse.<br \/>\nDen 2. Preis, einen B\u00fcchergutschein in H\u00f6he von 50 Euro, erhielt Frau Dorothea Wende aus Herrnburg mit ihrer Geschichte von der diebischen Elster Kiki.<br \/>\nDer 3. Preis, ebenfalls ein B\u00fcchergutschein, ging an Frau Karin Ulicnik aus Hohenkirchen mit ihrer Geschichte vom Enkel Anton.<br \/>\nDen Preistr\u00e4gerinnen meinen allerherzlichsten Gl\u00fcckwunsch! Ich freue mich schon sehr darauf, die Kurzgeschichten beim Vorlesetag 2021 vorlesen zu d\u00fcrfen.<\/p>\n<p><a href=\"https:\/\/www.martina-tegtmeier.de\/wp-content\/uploads\/2020\/11\/IMG_20201126_142129-scaled.jpg\"><img loading=\"lazy\" decoding=\"async\" class=\"alignnone size-medium wp-image-1874\" src=\"https:\/\/www.martina-tegtmeier.de\/wp-content\/uploads\/2020\/11\/IMG_20201126_142129-225x300.jpg\" alt=\"\" width=\"225\" height=\"300\" srcset=\"https:\/\/www.martina-tegtmeier.de\/wp-content\/uploads\/2020\/11\/IMG_20201126_142129-225x300.jpg 225w, https:\/\/www.martina-tegtmeier.de\/wp-content\/uploads\/2020\/11\/IMG_20201126_142129-768x1024.jpg 768w, https:\/\/www.martina-tegtmeier.de\/wp-content\/uploads\/2020\/11\/IMG_20201126_142129-1152x1536.jpg 1152w, https:\/\/www.martina-tegtmeier.de\/wp-content\/uploads\/2020\/11\/IMG_20201126_142129-1536x2048.jpg 1536w, https:\/\/www.martina-tegtmeier.de\/wp-content\/uploads\/2020\/11\/IMG_20201126_142129-scaled.jpg 1920w\" sizes=\"auto, (max-width: 225px) 100vw, 225px\" \/><\/a><\/p>\n","protected":false},"excerpt":{"rendered":"<p>Unter dem Motto\u00a0 Langeweile? Fantasie gefragt! habe ich im Fr\u00fchjahr einen kleinen Wettbewerb ausgeschrieben, der die Kreativit\u00e4t der B\u00fcrger und B\u00fcrgerinnen herausfordern sollte. Es ging darum, mir ihre tollsten Erlebnisse w\u00e4hrend der Corona-Zeit in Form einer Kurzgeschichte aufs\u00a0 Papier zu &hellip; <a href=\"https:\/\/www.martina-tegtmeier.de\/?p=1873\">Weiterlesen <span class=\"meta-nav\">&rarr;<\/span><\/a><\/p>\n","protected":false},"author":2,"featured_media":0,"comment_status":"closed","ping_status":"closed","sticky":false,"template":"","format":"standard","meta":{"footnotes":""},"categories":[8],"tags":[],"class_list":["post-1873","post","type-post","status-publish","format-standard","hentry","category-aktuelles"],"_links":{"self":[{"href":"https:\/\/www.martina-tegtmeier.de\/index.php?rest_route=\/wp\/v2\/posts\/1873","targetHints":{"allow":["GET"]}}],"collection":[{"href":"https:\/\/www.martina-tegtmeier.de\/index.php?rest_route=\/wp\/v2\/posts"}],"about":[{"href":"https:\/\/www.martina-tegtmeier.de\/index.php?rest_route=\/wp\/v2\/types\/post"}],"author":[{"embeddable":true,"href":"https:\/\/www.martina-tegtmeier.de\/index.php?rest_route=\/wp\/v2\/users\/2"}],"replies":[{"embeddable":true,"href":"https:\/\/www.martina-tegtmeier.de\/index.php?rest_route=%2Fwp%2Fv2%2Fcomments&post=1873"}],"version-history":[{"count":1,"href":"https:\/\/www.martina-tegtmeier.de\/index.php?rest_route=\/wp\/v2\/posts\/1873\/revisions"}],"predecessor-version":[{"id":1875,"href":"https:\/\/www.martina-tegtmeier.de\/index.php?rest_route=\/wp\/v2\/posts\/1873\/revisions\/1875"}],"wp:attachment":[{"href":"https:\/\/www.martina-tegtmeier.de\/index.php?rest_route=%2Fwp%2Fv2%2Fmedia&parent=1873"}],"wp:term":[{"taxonomy":"category","embeddable":true,"href":"https:\/\/www.martina-tegtmeier.de\/index.php?rest_route=%2Fwp%2Fv2%2Fcategories&post=1873"},{"taxonomy":"post_tag","embeddable":true,"href":"https:\/\/www.martina-tegtmeier.de\/index.php?rest_route=%2Fwp%2Fv2%2Ftags&post=1873"}],"curies":[{"name":"wp","href":"https:\/\/api.w.org\/{rel}","templated":true}]}}