{"id":1879,"date":"2020-12-11T06:43:46","date_gmt":"2020-12-11T06:43:46","guid":{"rendered":"https:\/\/www.martina-tegtmeier.de\/?p=1879"},"modified":"2020-12-14T06:45:41","modified_gmt":"2020-12-14T06:45:41","slug":"nachfolgende-pressemitteilung","status":"publish","type":"post","link":"https:\/\/www.martina-tegtmeier.de\/?p=1879","title":{"rendered":"..nachfolgende Pressemitteilung"},"content":{"rendered":"<h2><a href=\"http:\/\/www.spd-fraktion-mv.de\/index.php?option=com_k2&amp;view=item&amp;id=8321:aufklaerung-haette-schneller-und-mit-weniger-geheimniskraemerei-kommen-koennen&amp;Itemid=115&amp;acm=565_1021\">Aufkl\u00e4rung h\u00e4tte schneller und mit weniger Geheimniskr\u00e4merei kommen k\u00f6nnen<\/a><\/h2>\n<p>In der heutigen Sondersitzung des Innenausschusses standen Innenminister Torsten Renz, Staatssekret\u00e4r Thomas Lenz und Abteilungsleiter des Landesverfassungsschutzes Reinhard M\u00fcller Rede und Antwort. Es ging um Informationen, die nicht oder zu sp\u00e4t an den Bundesverfassungsschutz weitergeleitet worden sind, in Zusammenhang mit dem von Anis Amri ver\u00fcbten Terroranschlag auf dem Berliner Breitscheidplatz. Dazu erkl\u00e4rt Martina Tegtmeier, innenpolitische Sprecherin der SPD-Fraktion:<\/p>\n<p>\u201eWir brauchen weniger emotionale und subjektive Bewertungen. Das behindert die Arbeit der Sicherheits- und Verfassungsschutzbeh\u00f6rden. Wir als Abgeordnete sind auch dazu da, das Vertrauen der Menschen in die Staatsorgane zu st\u00e4rken. Darum d\u00fcrfen wir uns eben nicht an Spekulationen beteiligen, sondern sollten jedes Wort genauestens abw\u00e4gen. Die kurzfristigen Befragungen des Staatssekret\u00e4rs und des Verfassungsschutz-Abteilungsleiters im Innenausschuss waren hierbei hilfreich, Antworten zu finden und Spekulationen zu beenden. Weitere Fragen sollten wie heute konstruktiv und kooperativ \u00fcber die Fraktionsgrenzen hinweg in den n\u00e4chsten Wochen und Monaten beantwortet werden. Das war heute ein guter Anfang. Der jedoch fr\u00fcher mit weniger Geheimniskr\u00e4merei h\u00e4tte gemacht werden k\u00f6nnen. Den Angaben aus dem Innenministerium nach stellt sich die Sache jetzt so da: Die in Rede stehende Information eines V-Mannes kam von diesem erst im Februar 2017, also zwei Monate nach dem Berliner Terroranschlag auf den Tisch. Sie war nicht glaubw\u00fcrdig. Daher war sie auch nicht geeignet, die Ermittlungen voranzubringen und schon gar nicht, den Anschlag auf dem Breitscheidplatz zu vereiteln.\u201c<\/p>\n","protected":false},"excerpt":{"rendered":"<p>Aufkl\u00e4rung h\u00e4tte schneller und mit weniger Geheimniskr\u00e4merei kommen k\u00f6nnen In der heutigen Sondersitzung des Innenausschusses standen Innenminister Torsten Renz, Staatssekret\u00e4r Thomas Lenz und Abteilungsleiter des Landesverfassungsschutzes Reinhard M\u00fcller Rede und Antwort. Es ging um Informationen, die nicht oder zu sp\u00e4t &hellip; <a href=\"https:\/\/www.martina-tegtmeier.de\/?p=1879\">Weiterlesen <span class=\"meta-nav\">&rarr;<\/span><\/a><\/p>\n","protected":false},"author":2,"featured_media":0,"comment_status":"closed","ping_status":"closed","sticky":false,"template":"","format":"standard","meta":{"footnotes":""},"categories":[8],"tags":[],"class_list":["post-1879","post","type-post","status-publish","format-standard","hentry","category-aktuelles"],"_links":{"self":[{"href":"https:\/\/www.martina-tegtmeier.de\/index.php?rest_route=\/wp\/v2\/posts\/1879","targetHints":{"allow":["GET"]}}],"collection":[{"href":"https:\/\/www.martina-tegtmeier.de\/index.php?rest_route=\/wp\/v2\/posts"}],"about":[{"href":"https:\/\/www.martina-tegtmeier.de\/index.php?rest_route=\/wp\/v2\/types\/post"}],"author":[{"embeddable":true,"href":"https:\/\/www.martina-tegtmeier.de\/index.php?rest_route=\/wp\/v2\/users\/2"}],"replies":[{"embeddable":true,"href":"https:\/\/www.martina-tegtmeier.de\/index.php?rest_route=%2Fwp%2Fv2%2Fcomments&post=1879"}],"version-history":[{"count":1,"href":"https:\/\/www.martina-tegtmeier.de\/index.php?rest_route=\/wp\/v2\/posts\/1879\/revisions"}],"predecessor-version":[{"id":1880,"href":"https:\/\/www.martina-tegtmeier.de\/index.php?rest_route=\/wp\/v2\/posts\/1879\/revisions\/1880"}],"wp:attachment":[{"href":"https:\/\/www.martina-tegtmeier.de\/index.php?rest_route=%2Fwp%2Fv2%2Fmedia&parent=1879"}],"wp:term":[{"taxonomy":"category","embeddable":true,"href":"https:\/\/www.martina-tegtmeier.de\/index.php?rest_route=%2Fwp%2Fv2%2Fcategories&post=1879"},{"taxonomy":"post_tag","embeddable":true,"href":"https:\/\/www.martina-tegtmeier.de\/index.php?rest_route=%2Fwp%2Fv2%2Ftags&post=1879"}],"curies":[{"name":"wp","href":"https:\/\/api.w.org\/{rel}","templated":true}]}}