{"id":1902,"date":"2021-03-30T10:02:26","date_gmt":"2021-03-30T10:02:26","guid":{"rendered":"https:\/\/www.martina-tegtmeier.de\/?p=1902"},"modified":"2021-04-01T10:04:23","modified_gmt":"2021-04-01T10:04:23","slug":"pressemitteilung-zum-friedhofszwang","status":"publish","type":"post","link":"https:\/\/www.martina-tegtmeier.de\/?p=1902","title":{"rendered":"Pressemitteilung zum Friedhofszwang&#8230;"},"content":{"rendered":"<h1>Landtag ist sich der Verantwortung beim Umgang mit den Toten bewusst<\/h1>\n<div class=\"itemBody\">\n<div class=\"itemTeaserText\">Expertenkommission hat sich intensiv mit Regelungen befasst &#8211; Interfraktioneller Kompromiss f\u00fcr Gesetzentwurf tastet Friedhofszwang nicht an<\/div>\n<div class=\"itemFullText\">\n<p>Der St\u00e4dte- und Gemeindetag Mecklenburg-Vorpommern fordert \u00fcber die Medien den Erhalt der Friedh\u00f6fe als Orte der Kultur und Erinnerung. Zugleich mahnt er damit die Abgeordneten im Landtag noch vor der tats\u00e4chlichen Debatte \u00fcber das Bestattungsgesetz, den Friedhofszwang nicht anzutasten und zeigt sich besorgt \u00fcber die Diskussionen \u00fcber das Verfahren zur Abstimmung durch die Fraktionen bzw. Abgeordneten zum Bestattungsgesetz. Dazu erkl\u00e4rt Martina Tegtmeier, innenpolitische Sprecherin der SPD-Fraktion im Landtag MV:<\/p>\n<p>\u201eWir wissen um die Sensibilit\u00e4t und Emotionalit\u00e4t des Themas. Darum hatten wir im Landtag auch eine Expertenkommission beauftragt, die sich sehr intensiv mit den Regelungen besch\u00e4ftigt hat. Der jetzige Gesetzentwurf ist ein interfraktioneller Kompromiss aus den Empfehlungen dieser Kommission und den Abw\u00e4gungen der Fraktionen. Der Friedhofszwang ist aus eben diesen Abw\u00e4gungsgr\u00fcnden nicht angetastet worden, sondern weiterhin im Entwurf enthalten. Weil dieses Thema so hochsensibel ist, ist es uns wichtig, dass die Abgeordneten nicht nach Fraktionsdisziplin entscheiden m\u00fcssen. Es liegt ein Gesetzentwurf vor, an dem es nach der Debatte sicherlich noch \u00c4nderungen geben wird. Ob das auch den Friedhofszwang betrifft, entscheidet die Mehrheit. Derzeit sehe ich diese nicht.\u201c<\/p>\n<\/div>\n<\/div>\n","protected":false},"excerpt":{"rendered":"<p>Landtag ist sich der Verantwortung beim Umgang mit den Toten bewusst Expertenkommission hat sich intensiv mit Regelungen befasst &#8211; Interfraktioneller Kompromiss f\u00fcr Gesetzentwurf tastet Friedhofszwang nicht an Der St\u00e4dte- und Gemeindetag Mecklenburg-Vorpommern fordert \u00fcber die Medien den Erhalt der Friedh\u00f6fe &hellip; <a href=\"https:\/\/www.martina-tegtmeier.de\/?p=1902\">Weiterlesen <span class=\"meta-nav\">&rarr;<\/span><\/a><\/p>\n","protected":false},"author":2,"featured_media":0,"comment_status":"closed","ping_status":"closed","sticky":false,"template":"","format":"standard","meta":{"footnotes":""},"categories":[8],"tags":[],"class_list":["post-1902","post","type-post","status-publish","format-standard","hentry","category-aktuelles"],"_links":{"self":[{"href":"https:\/\/www.martina-tegtmeier.de\/index.php?rest_route=\/wp\/v2\/posts\/1902","targetHints":{"allow":["GET"]}}],"collection":[{"href":"https:\/\/www.martina-tegtmeier.de\/index.php?rest_route=\/wp\/v2\/posts"}],"about":[{"href":"https:\/\/www.martina-tegtmeier.de\/index.php?rest_route=\/wp\/v2\/types\/post"}],"author":[{"embeddable":true,"href":"https:\/\/www.martina-tegtmeier.de\/index.php?rest_route=\/wp\/v2\/users\/2"}],"replies":[{"embeddable":true,"href":"https:\/\/www.martina-tegtmeier.de\/index.php?rest_route=%2Fwp%2Fv2%2Fcomments&post=1902"}],"version-history":[{"count":1,"href":"https:\/\/www.martina-tegtmeier.de\/index.php?rest_route=\/wp\/v2\/posts\/1902\/revisions"}],"predecessor-version":[{"id":1903,"href":"https:\/\/www.martina-tegtmeier.de\/index.php?rest_route=\/wp\/v2\/posts\/1902\/revisions\/1903"}],"wp:attachment":[{"href":"https:\/\/www.martina-tegtmeier.de\/index.php?rest_route=%2Fwp%2Fv2%2Fmedia&parent=1902"}],"wp:term":[{"taxonomy":"category","embeddable":true,"href":"https:\/\/www.martina-tegtmeier.de\/index.php?rest_route=%2Fwp%2Fv2%2Fcategories&post=1902"},{"taxonomy":"post_tag","embeddable":true,"href":"https:\/\/www.martina-tegtmeier.de\/index.php?rest_route=%2Fwp%2Fv2%2Ftags&post=1902"}],"curies":[{"name":"wp","href":"https:\/\/api.w.org\/{rel}","templated":true}]}}