{"id":1904,"date":"2021-03-26T11:55:56","date_gmt":"2021-03-26T11:55:56","guid":{"rendered":"https:\/\/www.martina-tegtmeier.de\/?p=1904"},"modified":"2021-04-01T12:02:14","modified_gmt":"2021-04-01T12:02:14","slug":"spatenstich-fuer-neuen-radweg-zwischen-zickhusen-und-wendisch-rambow","status":"publish","type":"post","link":"https:\/\/www.martina-tegtmeier.de\/?p=1904","title":{"rendered":"Spatenstich f\u00fcr neuen Radweg zwischen Zickhusen und Wendisch-Rambow"},"content":{"rendered":"<div dir=\"auto\"><\/div>\n<div dir=\"auto\">Heute fand der 1.Spatenstich zum Baubeginn des Radweges entlang der B106 zwischen Zickhusen und Wendisch- Rambow statt.<\/div>\n<div dir=\"auto\">Hier geht es nun an den L\u00fcckenschluss des Radweges zwischen Zickhusen und Wendisch-Rambow und damit um das Radwegenetz zwischen Schwerin und Wismar. Die Gesamtkosten f\u00fcr den rund 2,3 Kilometer langen Abschnitt werden ca. 2,2 Millionen Euro betragen.<\/div>\n<div dir=\"auto\">Der gemeinsame erste Spatenstich erfolgte durch den Minister f\u00fcr Energie, Infrastruktur und Digitalisierung M- V Christian Pegel, der Landr\u00e4tin von Nordwestmecklenburg Kerstin Weiss und Stefan Anker, Leiter Stra\u00dfenbauamt Schwerin.<\/div>\n<div dir=\"auto\"><\/div>\n<div dir=\"auto\"><a href=\"https:\/\/www.martina-tegtmeier.de\/wp-content\/uploads\/2021\/04\/163752309_1874233142736208_7660031503199867348_n.jpg\"><img loading=\"lazy\" decoding=\"async\" class=\"alignnone size-medium wp-image-1905\" src=\"https:\/\/www.martina-tegtmeier.de\/wp-content\/uploads\/2021\/04\/163752309_1874233142736208_7660031503199867348_n-300x225.jpg\" alt=\"\" width=\"300\" height=\"225\" srcset=\"https:\/\/www.martina-tegtmeier.de\/wp-content\/uploads\/2021\/04\/163752309_1874233142736208_7660031503199867348_n-300x225.jpg 300w, https:\/\/www.martina-tegtmeier.de\/wp-content\/uploads\/2021\/04\/163752309_1874233142736208_7660031503199867348_n.jpg 600w\" sizes=\"auto, (max-width: 300px) 100vw, 300px\" \/><\/a> <a href=\"https:\/\/www.martina-tegtmeier.de\/wp-content\/uploads\/2021\/04\/164744057_1874261226066733_529416467107986119_n.jpg\"><img loading=\"lazy\" decoding=\"async\" class=\"alignnone size-medium wp-image-1906\" src=\"https:\/\/www.martina-tegtmeier.de\/wp-content\/uploads\/2021\/04\/164744057_1874261226066733_529416467107986119_n-300x225.jpg\" alt=\"\" width=\"300\" height=\"225\" srcset=\"https:\/\/www.martina-tegtmeier.de\/wp-content\/uploads\/2021\/04\/164744057_1874261226066733_529416467107986119_n-300x225.jpg 300w, https:\/\/www.martina-tegtmeier.de\/wp-content\/uploads\/2021\/04\/164744057_1874261226066733_529416467107986119_n.jpg 600w\" sizes=\"auto, (max-width: 300px) 100vw, 300px\" \/>\u00a0<\/a><\/div>\n<div dir=\"auto\"><\/div>\n<div dir=\"auto\"><a href=\"https:\/\/www.martina-tegtmeier.de\/wp-content\/uploads\/2021\/04\/164978820_1874261189400070_4760397302583791300_n.jpg\"><img loading=\"lazy\" decoding=\"async\" class=\"alignnone size-medium wp-image-1907\" src=\"https:\/\/www.martina-tegtmeier.de\/wp-content\/uploads\/2021\/04\/164978820_1874261189400070_4760397302583791300_n-225x300.jpg\" alt=\"\" width=\"225\" height=\"300\" srcset=\"https:\/\/www.martina-tegtmeier.de\/wp-content\/uploads\/2021\/04\/164978820_1874261189400070_4760397302583791300_n-225x300.jpg 225w, https:\/\/www.martina-tegtmeier.de\/wp-content\/uploads\/2021\/04\/164978820_1874261189400070_4760397302583791300_n.jpg 720w\" sizes=\"auto, (max-width: 225px) 100vw, 225px\" \/><\/a><\/div>\n","protected":false},"excerpt":{"rendered":"<p>Heute fand der 1.Spatenstich zum Baubeginn des Radweges entlang der B106 zwischen Zickhusen und Wendisch- Rambow statt. Hier geht es nun an den L\u00fcckenschluss des Radweges zwischen Zickhusen und Wendisch-Rambow und damit um das Radwegenetz zwischen Schwerin und Wismar. Die &hellip; <a href=\"https:\/\/www.martina-tegtmeier.de\/?p=1904\">Weiterlesen <span class=\"meta-nav\">&rarr;<\/span><\/a><\/p>\n","protected":false},"author":2,"featured_media":0,"comment_status":"closed","ping_status":"closed","sticky":false,"template":"","format":"standard","meta":{"footnotes":""},"categories":[9],"tags":[],"class_list":["post-1904","post","type-post","status-publish","format-standard","hentry","category-aktivitaeten"],"_links":{"self":[{"href":"https:\/\/www.martina-tegtmeier.de\/index.php?rest_route=\/wp\/v2\/posts\/1904","targetHints":{"allow":["GET"]}}],"collection":[{"href":"https:\/\/www.martina-tegtmeier.de\/index.php?rest_route=\/wp\/v2\/posts"}],"about":[{"href":"https:\/\/www.martina-tegtmeier.de\/index.php?rest_route=\/wp\/v2\/types\/post"}],"author":[{"embeddable":true,"href":"https:\/\/www.martina-tegtmeier.de\/index.php?rest_route=\/wp\/v2\/users\/2"}],"replies":[{"embeddable":true,"href":"https:\/\/www.martina-tegtmeier.de\/index.php?rest_route=%2Fwp%2Fv2%2Fcomments&post=1904"}],"version-history":[{"count":1,"href":"https:\/\/www.martina-tegtmeier.de\/index.php?rest_route=\/wp\/v2\/posts\/1904\/revisions"}],"predecessor-version":[{"id":1908,"href":"https:\/\/www.martina-tegtmeier.de\/index.php?rest_route=\/wp\/v2\/posts\/1904\/revisions\/1908"}],"wp:attachment":[{"href":"https:\/\/www.martina-tegtmeier.de\/index.php?rest_route=%2Fwp%2Fv2%2Fmedia&parent=1904"}],"wp:term":[{"taxonomy":"category","embeddable":true,"href":"https:\/\/www.martina-tegtmeier.de\/index.php?rest_route=%2Fwp%2Fv2%2Fcategories&post=1904"},{"taxonomy":"post_tag","embeddable":true,"href":"https:\/\/www.martina-tegtmeier.de\/index.php?rest_route=%2Fwp%2Fv2%2Ftags&post=1904"}],"curies":[{"name":"wp","href":"https:\/\/api.w.org\/{rel}","templated":true}]}}