{"id":1910,"date":"2021-05-14T07:06:18","date_gmt":"2021-05-14T07:06:18","guid":{"rendered":"https:\/\/www.martina-tegtmeier.de\/?p=1910"},"modified":"2021-05-14T07:06:18","modified_gmt":"2021-05-14T07:06:18","slug":"preisuebergabe-von-meinem-quiz-starke-frauen","status":"publish","type":"post","link":"https:\/\/www.martina-tegtmeier.de\/?p=1910","title":{"rendered":"Preis\u00fcbergabe von meinem Quiz &#8222;STARKE FRAUEN&#8220;"},"content":{"rendered":"<p>Anfang M\u00e4rz verteilte ich in meinem Wahlkreis Flyer unter dem Motto \u201eSTARKE FRAUEN\u201c, verbunden mit einem Quiz.<br \/>\nIn dieser Woche konnte ich die Preistr\u00e4gerin k\u00fcren. Alle Fragen richtig beantwortet hatte\u00a0Marie-\u00a0Luise\u00a0Boeck\u00a0aus Gadebusch \u2013 sichtlich \u00fcberrascht und erfreut zeigte sich Frau\u00a0Boeck\u00a0\u00fcber ihren Gewinn.<br \/>\nSie wird demn\u00e4chst einen kleinen Segelt\u00f6rn mit der\u00a0Poeler\u00a0Kogge \u201eWissemara\u201c in der\u00a0Wismarbucht\u00a0unternehmen<br \/>\nFrau\u00a0Boeck\u00a0ist voller Vorfreude auf ihren Segelt\u00f6rn, bisher war sie einmal mit der\u00a0Atalanta\u00a0in See gestochen und m\u00f6chte gerne mit ihrer j\u00fcngsten Tochter diesen f\u00fcr sie tollen Preis, einl\u00f6sen.<br \/>\nIch w\u00fcnsche Frau\u00a0Boeck\u00a0viel Spa\u00df bei ihrem Segelt\u00f6rn!<\/p>\n<p><a href=\"https:\/\/www.martina-tegtmeier.de\/wp-content\/uploads\/2021\/05\/IMG_20210511_132737_1-scaled.jpg\"><img loading=\"lazy\" decoding=\"async\" class=\"alignnone size-medium wp-image-1911\" src=\"https:\/\/www.martina-tegtmeier.de\/wp-content\/uploads\/2021\/05\/IMG_20210511_132737_1-225x300.jpg\" alt=\"\" width=\"225\" height=\"300\" srcset=\"https:\/\/www.martina-tegtmeier.de\/wp-content\/uploads\/2021\/05\/IMG_20210511_132737_1-225x300.jpg 225w, https:\/\/www.martina-tegtmeier.de\/wp-content\/uploads\/2021\/05\/IMG_20210511_132737_1-768x1024.jpg 768w, https:\/\/www.martina-tegtmeier.de\/wp-content\/uploads\/2021\/05\/IMG_20210511_132737_1-1152x1536.jpg 1152w, https:\/\/www.martina-tegtmeier.de\/wp-content\/uploads\/2021\/05\/IMG_20210511_132737_1-1536x2048.jpg 1536w, https:\/\/www.martina-tegtmeier.de\/wp-content\/uploads\/2021\/05\/IMG_20210511_132737_1-scaled.jpg 1920w\" sizes=\"auto, (max-width: 225px) 100vw, 225px\" \/><\/a>\u00a0 <a href=\"https:\/\/www.martina-tegtmeier.de\/wp-content\/uploads\/2021\/05\/IMG_20210504_074941-scaled.jpg\"><img loading=\"lazy\" decoding=\"async\" class=\"alignnone size-medium wp-image-1912\" src=\"https:\/\/www.martina-tegtmeier.de\/wp-content\/uploads\/2021\/05\/IMG_20210504_074941-225x300.jpg\" alt=\"\" width=\"225\" height=\"300\" srcset=\"https:\/\/www.martina-tegtmeier.de\/wp-content\/uploads\/2021\/05\/IMG_20210504_074941-225x300.jpg 225w, https:\/\/www.martina-tegtmeier.de\/wp-content\/uploads\/2021\/05\/IMG_20210504_074941-768x1024.jpg 768w, https:\/\/www.martina-tegtmeier.de\/wp-content\/uploads\/2021\/05\/IMG_20210504_074941-1152x1536.jpg 1152w, https:\/\/www.martina-tegtmeier.de\/wp-content\/uploads\/2021\/05\/IMG_20210504_074941-1536x2048.jpg 1536w, https:\/\/www.martina-tegtmeier.de\/wp-content\/uploads\/2021\/05\/IMG_20210504_074941-scaled.jpg 1920w\" sizes=\"auto, (max-width: 225px) 100vw, 225px\" \/><\/a><\/p>\n","protected":false},"excerpt":{"rendered":"<p>Anfang M\u00e4rz verteilte ich in meinem Wahlkreis Flyer unter dem Motto \u201eSTARKE FRAUEN\u201c, verbunden mit einem Quiz. In dieser Woche konnte ich die Preistr\u00e4gerin k\u00fcren. Alle Fragen richtig beantwortet hatte\u00a0Marie-\u00a0Luise\u00a0Boeck\u00a0aus Gadebusch \u2013 sichtlich \u00fcberrascht und erfreut zeigte sich Frau\u00a0Boeck\u00a0\u00fcber ihren &hellip; <a href=\"https:\/\/www.martina-tegtmeier.de\/?p=1910\">Weiterlesen <span class=\"meta-nav\">&rarr;<\/span><\/a><\/p>\n","protected":false},"author":2,"featured_media":0,"comment_status":"closed","ping_status":"closed","sticky":false,"template":"","format":"standard","meta":{"footnotes":""},"categories":[8],"tags":[],"class_list":["post-1910","post","type-post","status-publish","format-standard","hentry","category-aktuelles"],"_links":{"self":[{"href":"https:\/\/www.martina-tegtmeier.de\/index.php?rest_route=\/wp\/v2\/posts\/1910","targetHints":{"allow":["GET"]}}],"collection":[{"href":"https:\/\/www.martina-tegtmeier.de\/index.php?rest_route=\/wp\/v2\/posts"}],"about":[{"href":"https:\/\/www.martina-tegtmeier.de\/index.php?rest_route=\/wp\/v2\/types\/post"}],"author":[{"embeddable":true,"href":"https:\/\/www.martina-tegtmeier.de\/index.php?rest_route=\/wp\/v2\/users\/2"}],"replies":[{"embeddable":true,"href":"https:\/\/www.martina-tegtmeier.de\/index.php?rest_route=%2Fwp%2Fv2%2Fcomments&post=1910"}],"version-history":[{"count":1,"href":"https:\/\/www.martina-tegtmeier.de\/index.php?rest_route=\/wp\/v2\/posts\/1910\/revisions"}],"predecessor-version":[{"id":1913,"href":"https:\/\/www.martina-tegtmeier.de\/index.php?rest_route=\/wp\/v2\/posts\/1910\/revisions\/1913"}],"wp:attachment":[{"href":"https:\/\/www.martina-tegtmeier.de\/index.php?rest_route=%2Fwp%2Fv2%2Fmedia&parent=1910"}],"wp:term":[{"taxonomy":"category","embeddable":true,"href":"https:\/\/www.martina-tegtmeier.de\/index.php?rest_route=%2Fwp%2Fv2%2Fcategories&post=1910"},{"taxonomy":"post_tag","embeddable":true,"href":"https:\/\/www.martina-tegtmeier.de\/index.php?rest_route=%2Fwp%2Fv2%2Ftags&post=1910"}],"curies":[{"name":"wp","href":"https:\/\/api.w.org\/{rel}","templated":true}]}}