{"id":1932,"date":"2021-07-03T07:22:24","date_gmt":"2021-07-03T07:22:24","guid":{"rendered":"https:\/\/www.martina-tegtmeier.de\/?p=1932"},"modified":"2021-07-07T07:31:17","modified_gmt":"2021-07-07T07:31:17","slug":"besuch-bei-der-feuerwehr-in-neukloster","status":"publish","type":"post","link":"https:\/\/www.martina-tegtmeier.de\/?p=1932","title":{"rendered":"Besuch bei der Feuerwehr in Neukloster"},"content":{"rendered":"<div dir=\"auto\">Heute bin ich der Einladung vom Wehrf\u00fchrer der Freiwilligen Feuerwehr Neukloster Lars Krasemann gefolgt um mir einen \u00dcberblick \u00fcber die Einsatztechnik und Einsatzkleidung zu verschaffen.<\/div>\n<div dir=\"auto\">Aus dem Strategiefonds des Landes Mecklenburg-Vorpommern, konnten sich die Kameradinnen und Kameraden der Freiwilligen Feuerwehr in Neukloster, neue Einsatzkleidung im Wert von 30.000\u20ac beschaffen.<\/div>\n<div dir=\"auto\">Ich bin stolz darauf, dass ich den Kameradinnen und Kameraden auf dieser Weise meinen Dank f\u00fcr ihre unerm\u00fcdliche ehrenamtliche Arbeit zum Ausdruck bringen konnte.<\/div>\n<div dir=\"auto\"><a href=\"https:\/\/www.martina-tegtmeier.de\/wp-content\/uploads\/2021\/07\/211676479_1959163310909857_6750762090423139932_n.jpg\"><img loading=\"lazy\" decoding=\"async\" class=\"alignnone size-medium wp-image-1933\" src=\"https:\/\/www.martina-tegtmeier.de\/wp-content\/uploads\/2021\/07\/211676479_1959163310909857_6750762090423139932_n-300x225.jpg\" alt=\"\" width=\"300\" height=\"225\" srcset=\"https:\/\/www.martina-tegtmeier.de\/wp-content\/uploads\/2021\/07\/211676479_1959163310909857_6750762090423139932_n-300x225.jpg 300w, https:\/\/www.martina-tegtmeier.de\/wp-content\/uploads\/2021\/07\/211676479_1959163310909857_6750762090423139932_n.jpg 600w\" sizes=\"auto, (max-width: 300px) 100vw, 300px\" \/>\u00a0\u00a0 <\/a><a href=\"https:\/\/www.martina-tegtmeier.de\/wp-content\/uploads\/2021\/07\/208794039_1959163470909841_3211081509788028511_n.jpg\"><img loading=\"lazy\" decoding=\"async\" class=\"alignnone size-medium wp-image-1934\" src=\"https:\/\/www.martina-tegtmeier.de\/wp-content\/uploads\/2021\/07\/208794039_1959163470909841_3211081509788028511_n-225x300.jpg\" alt=\"\" width=\"225\" height=\"300\" srcset=\"https:\/\/www.martina-tegtmeier.de\/wp-content\/uploads\/2021\/07\/208794039_1959163470909841_3211081509788028511_n-225x300.jpg 225w, https:\/\/www.martina-tegtmeier.de\/wp-content\/uploads\/2021\/07\/208794039_1959163470909841_3211081509788028511_n.jpg 450w\" sizes=\"auto, (max-width: 225px) 100vw, 225px\" \/><\/a><\/div>\n<div dir=\"auto\"><\/div>\n<div dir=\"auto\">symbolische \u00dcbergabe der neuen Einsatzkleidung an den Wehrf\u00fchrer der Feuerwehr Neukloster Lars Krasemann<\/div>\n","protected":false},"excerpt":{"rendered":"<p>Heute bin ich der Einladung vom Wehrf\u00fchrer der Freiwilligen Feuerwehr Neukloster Lars Krasemann gefolgt um mir einen \u00dcberblick \u00fcber die Einsatztechnik und Einsatzkleidung zu verschaffen. Aus dem Strategiefonds des Landes Mecklenburg-Vorpommern, konnten sich die Kameradinnen und Kameraden der Freiwilligen Feuerwehr &hellip; <a href=\"https:\/\/www.martina-tegtmeier.de\/?p=1932\">Weiterlesen <span class=\"meta-nav\">&rarr;<\/span><\/a><\/p>\n","protected":false},"author":2,"featured_media":0,"comment_status":"closed","ping_status":"closed","sticky":false,"template":"","format":"standard","meta":{"footnotes":""},"categories":[9,1],"tags":[],"class_list":["post-1932","post","type-post","status-publish","format-standard","hentry","category-aktivitaeten","category-allgemein"],"_links":{"self":[{"href":"https:\/\/www.martina-tegtmeier.de\/index.php?rest_route=\/wp\/v2\/posts\/1932","targetHints":{"allow":["GET"]}}],"collection":[{"href":"https:\/\/www.martina-tegtmeier.de\/index.php?rest_route=\/wp\/v2\/posts"}],"about":[{"href":"https:\/\/www.martina-tegtmeier.de\/index.php?rest_route=\/wp\/v2\/types\/post"}],"author":[{"embeddable":true,"href":"https:\/\/www.martina-tegtmeier.de\/index.php?rest_route=\/wp\/v2\/users\/2"}],"replies":[{"embeddable":true,"href":"https:\/\/www.martina-tegtmeier.de\/index.php?rest_route=%2Fwp%2Fv2%2Fcomments&post=1932"}],"version-history":[{"count":2,"href":"https:\/\/www.martina-tegtmeier.de\/index.php?rest_route=\/wp\/v2\/posts\/1932\/revisions"}],"predecessor-version":[{"id":1936,"href":"https:\/\/www.martina-tegtmeier.de\/index.php?rest_route=\/wp\/v2\/posts\/1932\/revisions\/1936"}],"wp:attachment":[{"href":"https:\/\/www.martina-tegtmeier.de\/index.php?rest_route=%2Fwp%2Fv2%2Fmedia&parent=1932"}],"wp:term":[{"taxonomy":"category","embeddable":true,"href":"https:\/\/www.martina-tegtmeier.de\/index.php?rest_route=%2Fwp%2Fv2%2Fcategories&post=1932"},{"taxonomy":"post_tag","embeddable":true,"href":"https:\/\/www.martina-tegtmeier.de\/index.php?rest_route=%2Fwp%2Fv2%2Ftags&post=1932"}],"curies":[{"name":"wp","href":"https:\/\/api.w.org\/{rel}","templated":true}]}}