{"id":1970,"date":"2021-08-04T13:00:07","date_gmt":"2021-08-04T13:00:07","guid":{"rendered":"https:\/\/www.martina-tegtmeier.de\/?p=1970"},"modified":"2021-08-04T13:00:07","modified_gmt":"2021-08-04T13:00:07","slug":"impfen-und-kein-ende-einladung","status":"publish","type":"post","link":"https:\/\/www.martina-tegtmeier.de\/?p=1970","title":{"rendered":"Impfen und kein Ende &#8211; Einladung"},"content":{"rendered":"<h2>Informationsveranstaltungen zum Impfen<\/h2>\n<p>Unter der \u00dcberschrift:\u00a0<strong>Impfen und kein Ende\u00a0<\/strong><\/p>\n<p>lade ich ganz herzlich zu einer Reihe von Informationsveranstaltungen ein.<\/p>\n<div>\n<p>Zum gegenw\u00e4rtigen Zeitpunkt werden weniger Impfdosen gegen das Corona-Virus verabreicht, als vorr\u00e4tig sind. Wie wichtig eine hohe Anzahl Geimpfter in einer Bev\u00f6lkerung gerade zum Abwenden von Kontaktbeschr\u00e4nkungen ist, wird immer wieder berichtet. Um \u00fcber Vorbehalte zum Impfen zu reden und ggf. auch Bedenken auszur\u00e4umen habe ich diese\u00a0 Veranstaltungsreihe in Nordwestmecklenburg initiiert und w\u00fcrde mich freuen, wenn m\u00f6glichst viele Menschen, die sich noch nicht f\u00fcr das Impfen entschieden haben, daran teilnehmen.<\/p>\n<div>\n<p>Der in Neuburg niedergelassene Arzt Dr. Fabian Holbe war einer der ersten in ganz Deutschland, der in seiner Praxis gegen Covid-19 geimpft hat. Er ist ein \u00fcberzeugter Verfechter des Impfens zum Schutz vor schwersten Erkrankungen und ihren Folgen. Er wird der fachliche Inputgeber dieser Veranstaltungsreihe sein.<\/p>\n<p>Die aktuellen STIKO-Empfehlungen, Impfung bei Kindern gegen Covid-19 aber auch weitere notwendige Impfungen im Alter (Pneumokokken \/ Meningokokken \/ Varizellen) sollen Inhalt dieser Veranstaltungen sein.<\/p>\n<p>Stellen Sie Ihre Fragen, diskutieren Sie mit am:<\/p>\n<p>10.8. 19:00 Uhr im Sportlerheim Neukloster, Am Waldstadion 24, 23992 Neukloster<\/p>\n<p>17.8. 19:00 Uhr in der Stadthalle Warin , Schulstr.4 , 19417 Warin (An dieser VA nimmt der Bundestagsabgeordnete Frank Junge ebenfalls teil.)<\/p>\n<p>24.8. 19:00 Uhr in der Kommunalen Mensa Bad Kleinen, Schulstr.11, 23996 Bad Kleinen<\/p>\n<p>31.8. 19:00 Uhr in der Mehrzweckhalle Dorf Mecklenburg, Karl Marx Str.12 B, 23972 Dorf Mecklenburg (An dieser VA nimmt der Bundestagsabgeordnete Frank Junge teil.)<\/p>\n<p>7.9. 18:30 Uhr im Gemeindezentrum, Hauptstr.43 c, 23974 Neuburg<\/p>\n<p>Anmeldungen bitte telefonisch unter 038423 629765 oder per Mail an: wkb.martina.tegtmeier@t-online.de<\/p>\n<p>&nbsp;<\/p>\n<p>&nbsp;<\/p>\n<\/div>\n<\/div>\n","protected":false},"excerpt":{"rendered":"<p>Informationsveranstaltungen zum Impfen Unter der \u00dcberschrift:\u00a0Impfen und kein Ende\u00a0 lade ich ganz herzlich zu einer Reihe von Informationsveranstaltungen ein. Zum gegenw\u00e4rtigen Zeitpunkt werden weniger Impfdosen gegen das Corona-Virus verabreicht, als vorr\u00e4tig sind. Wie wichtig eine hohe Anzahl Geimpfter in einer &hellip; <a href=\"https:\/\/www.martina-tegtmeier.de\/?p=1970\">Weiterlesen <span class=\"meta-nav\">&rarr;<\/span><\/a><\/p>\n","protected":false},"author":1,"featured_media":0,"comment_status":"closed","ping_status":"closed","sticky":false,"template":"","format":"standard","meta":{"footnotes":""},"categories":[9,8,1],"tags":[28],"class_list":["post-1970","post","type-post","status-publish","format-standard","hentry","category-aktivitaeten","category-aktuelles","category-allgemein","tag-impfen"],"_links":{"self":[{"href":"https:\/\/www.martina-tegtmeier.de\/index.php?rest_route=\/wp\/v2\/posts\/1970","targetHints":{"allow":["GET"]}}],"collection":[{"href":"https:\/\/www.martina-tegtmeier.de\/index.php?rest_route=\/wp\/v2\/posts"}],"about":[{"href":"https:\/\/www.martina-tegtmeier.de\/index.php?rest_route=\/wp\/v2\/types\/post"}],"author":[{"embeddable":true,"href":"https:\/\/www.martina-tegtmeier.de\/index.php?rest_route=\/wp\/v2\/users\/1"}],"replies":[{"embeddable":true,"href":"https:\/\/www.martina-tegtmeier.de\/index.php?rest_route=%2Fwp%2Fv2%2Fcomments&post=1970"}],"version-history":[{"count":1,"href":"https:\/\/www.martina-tegtmeier.de\/index.php?rest_route=\/wp\/v2\/posts\/1970\/revisions"}],"predecessor-version":[{"id":1971,"href":"https:\/\/www.martina-tegtmeier.de\/index.php?rest_route=\/wp\/v2\/posts\/1970\/revisions\/1971"}],"wp:attachment":[{"href":"https:\/\/www.martina-tegtmeier.de\/index.php?rest_route=%2Fwp%2Fv2%2Fmedia&parent=1970"}],"wp:term":[{"taxonomy":"category","embeddable":true,"href":"https:\/\/www.martina-tegtmeier.de\/index.php?rest_route=%2Fwp%2Fv2%2Fcategories&post=1970"},{"taxonomy":"post_tag","embeddable":true,"href":"https:\/\/www.martina-tegtmeier.de\/index.php?rest_route=%2Fwp%2Fv2%2Ftags&post=1970"}],"curies":[{"name":"wp","href":"https:\/\/api.w.org\/{rel}","templated":true}]}}