{"id":2066,"date":"2022-01-20T13:42:18","date_gmt":"2022-01-20T13:42:18","guid":{"rendered":"https:\/\/www.martina-tegtmeier.de\/?p=2066"},"modified":"2022-01-20T13:42:18","modified_gmt":"2022-01-20T13:42:18","slug":"wir-sorgen-fuer-handlungsfaehige-gemeinden-mit-finanziellem-spielraum-pressemitteilung","status":"publish","type":"post","link":"https:\/\/www.martina-tegtmeier.de\/?p=2066","title":{"rendered":"Wir sorgen f\u00fcr handlungsf\u00e4hige Gemeinden mit finanziellem Spielraum &#8211; Pressemitteilung"},"content":{"rendered":"<h2><a href=\"http:\/\/www.spd-fraktion-mv.de\/index.php?option=com_k2&amp;view=item&amp;id=9515:wir-sorgen-fuer-handlungsfaehige-gemeinden-mit-finanziellem-spielraum&amp;Itemid=115&amp;acm=565_1317\">Wir sorgen f\u00fcr handlungsf\u00e4hige Gemeinden mit finanziellem Spielraum<\/a><\/h2>\n<p>Um die Finanzkraft der Gemeinden und den Abbau von Altschulden ging es heute im Innenausschuss des Landtages. Zur Vorstellung des Kommunalfinanzberichts 2021 erkl\u00e4rt Martina Tegtmeier, kommunalpolitische Sprecherin der SPD-Fraktion:<\/p>\n<p>\u201eUnsere Finanzpolitik f\u00fcr die Kommunen wirkt und st\u00e4rkt die Gemeinden als Fundament unserer Demokratie. Wir sind ein verl\u00e4sslicher Partner f\u00fcr die Gemeinden in unserem Land. Mit finanzieller Weitsicht und Planbarkeit sorgen wir im Landtag gemeinsam mit der Landesregierung daf\u00fcr, dass die Gemeinden auch langfristig handlungsf\u00e4hig und finanzkr\u00e4ftig bleiben. Das ist eines unserer wichtigsten Anliegen als regierungstragende Fraktion, weil lebenswerte Gemeinden die Basis f\u00fcr unseren gesellschaftlichen Zusammenhalt sind. Erst Spielpl\u00e4tze, Vereinsh\u00e4user, Marktpl\u00e4tze, Alleen, Schwimmb\u00e4der, Sporthallen und vieles mehr machen Orte auch wirklich lebenswert. Daf\u00fcr ben\u00f6tigen die Gemeinden Geld, um investieren zu k\u00f6nnen \u2013 unter anderem in Schulen, Stra\u00dfen, Pl\u00e4tze. Wir sorgen f\u00fcr einen fairen finanziellen Ausgleich \u2013 auch in der Corona-Pandemie mit dem MV Schutzfonds und beim Abbau der Altschulden im kommunalen Wohnungsbau. Wir lassen die Kommunen nicht im Stich und helfen dabei, die zuk\u00fcnftigen Herausforderungen zu stemmen.<\/p>\n<p>Daf\u00fcr haben wir 2020 auch das Finanzausgleichsgesetz reformiert. Seitdem steht den Gemeinden und Landkreisen in MV nochmals erheblich mehr Geld zur Verf\u00fcgung. Das macht j\u00e4hrlich zus\u00e4tzlich rund 350 Mio. Euro aus. Das ist so viel Geld wie noch nie in der Geschichte unseres Landes. Das neue FAG schafft eine verl\u00e4ssliche Perspektive f\u00fcr den Schuldenabbau und neue Investitionen. Genau das war auch unser politisches Ziel als SPD-Fraktion.<\/p>\n<p>Die Pr\u00fcfung einzelner Gemeinden und Landkreise hat jedoch auch Kritikpunkte aufgeworfen, die von der kommunalen Ebene abgebaut werden m\u00fcssen wie zum Beispiel der laxe Umgang mit den Vorschriften zur Vergabe von Auftr\u00e4gen.\u201c<\/p>\n","protected":false},"excerpt":{"rendered":"<p>Wir sorgen f\u00fcr handlungsf\u00e4hige Gemeinden mit finanziellem Spielraum Um die Finanzkraft der Gemeinden und den Abbau von Altschulden ging es heute im Innenausschuss des Landtages. Zur Vorstellung des Kommunalfinanzberichts 2021 erkl\u00e4rt Martina Tegtmeier, kommunalpolitische Sprecherin der SPD-Fraktion: \u201eUnsere Finanzpolitik f\u00fcr &hellip; <a href=\"https:\/\/www.martina-tegtmeier.de\/?p=2066\">Weiterlesen <span class=\"meta-nav\">&rarr;<\/span><\/a><\/p>\n","protected":false},"author":2,"featured_media":0,"comment_status":"closed","ping_status":"closed","sticky":false,"template":"","format":"standard","meta":{"footnotes":""},"categories":[8],"tags":[],"class_list":["post-2066","post","type-post","status-publish","format-standard","hentry","category-aktuelles"],"_links":{"self":[{"href":"https:\/\/www.martina-tegtmeier.de\/index.php?rest_route=\/wp\/v2\/posts\/2066","targetHints":{"allow":["GET"]}}],"collection":[{"href":"https:\/\/www.martina-tegtmeier.de\/index.php?rest_route=\/wp\/v2\/posts"}],"about":[{"href":"https:\/\/www.martina-tegtmeier.de\/index.php?rest_route=\/wp\/v2\/types\/post"}],"author":[{"embeddable":true,"href":"https:\/\/www.martina-tegtmeier.de\/index.php?rest_route=\/wp\/v2\/users\/2"}],"replies":[{"embeddable":true,"href":"https:\/\/www.martina-tegtmeier.de\/index.php?rest_route=%2Fwp%2Fv2%2Fcomments&post=2066"}],"version-history":[{"count":1,"href":"https:\/\/www.martina-tegtmeier.de\/index.php?rest_route=\/wp\/v2\/posts\/2066\/revisions"}],"predecessor-version":[{"id":2067,"href":"https:\/\/www.martina-tegtmeier.de\/index.php?rest_route=\/wp\/v2\/posts\/2066\/revisions\/2067"}],"wp:attachment":[{"href":"https:\/\/www.martina-tegtmeier.de\/index.php?rest_route=%2Fwp%2Fv2%2Fmedia&parent=2066"}],"wp:term":[{"taxonomy":"category","embeddable":true,"href":"https:\/\/www.martina-tegtmeier.de\/index.php?rest_route=%2Fwp%2Fv2%2Fcategories&post=2066"},{"taxonomy":"post_tag","embeddable":true,"href":"https:\/\/www.martina-tegtmeier.de\/index.php?rest_route=%2Fwp%2Fv2%2Ftags&post=2066"}],"curies":[{"name":"wp","href":"https:\/\/api.w.org\/{rel}","templated":true}]}}