{"id":2079,"date":"2022-03-08T07:23:05","date_gmt":"2022-03-08T07:23:05","guid":{"rendered":"https:\/\/www.martina-tegtmeier.de\/?p=2079"},"modified":"2022-03-09T07:31:32","modified_gmt":"2022-03-09T07:31:32","slug":"8-maerz-internationaler-frauentag-auf-der-insel-poel","status":"publish","type":"post","link":"https:\/\/www.martina-tegtmeier.de\/?p=2079","title":{"rendered":"8.M\u00e4rz &#8211; Internationaler Frauentag auf der Insel Poel"},"content":{"rendered":"<div dir=\"auto\">&#8222;Dieser Internationale Frauentag ist die wuchtigste Kundgebung f\u00fcr das Frauenwahlrecht gewesen, welche die Geschichte der Bewegung f\u00fcr die Emanzipation des weiblichen Geschlechts bis heute verzeichnen kann.\u201c<\/div>\n<div dir=\"auto\">(Clara Zetkin 1911)<\/div>\n<div dir=\"auto\">Heute war ich traditionsgem\u00e4\u00df im Mehrgenerationenhaus auf der Insel Poel zu Gast und habe mit den Poelerinnen bei Kaffee und Kuchen unseren Feiertag begangen.<\/div>\n<div dir=\"auto\">Und auch traditionsgem\u00e4\u00df gab es von mir f\u00fcr jede Frau farbenfrohe Primeln.<\/div>\n<div dir=\"auto\"><\/div>\n<div dir=\"auto\"><\/div>\n<div dir=\"auto\"><a href=\"https:\/\/www.martina-tegtmeier.de\/wp-content\/uploads\/2022\/03\/IMG_20220308_140159-scaled.jpg\"><img loading=\"lazy\" decoding=\"async\" class=\"alignnone wp-image-2082\" src=\"https:\/\/www.martina-tegtmeier.de\/wp-content\/uploads\/2022\/03\/IMG_20220308_140159-225x300.jpg\" alt=\"\" width=\"187\" height=\"249\" srcset=\"https:\/\/www.martina-tegtmeier.de\/wp-content\/uploads\/2022\/03\/IMG_20220308_140159-225x300.jpg 225w, https:\/\/www.martina-tegtmeier.de\/wp-content\/uploads\/2022\/03\/IMG_20220308_140159-768x1024.jpg 768w, https:\/\/www.martina-tegtmeier.de\/wp-content\/uploads\/2022\/03\/IMG_20220308_140159-1152x1536.jpg 1152w, https:\/\/www.martina-tegtmeier.de\/wp-content\/uploads\/2022\/03\/IMG_20220308_140159-1536x2048.jpg 1536w, https:\/\/www.martina-tegtmeier.de\/wp-content\/uploads\/2022\/03\/IMG_20220308_140159-scaled.jpg 1920w\" sizes=\"auto, (max-width: 187px) 100vw, 187px\" \/><\/a>\u00a0 <a href=\"https:\/\/www.martina-tegtmeier.de\/wp-content\/uploads\/2022\/03\/Sharepic_Frauentag_Martina-Tegtmeier2-scaled.jpg\"><img loading=\"lazy\" decoding=\"async\" class=\"alignnone size-medium wp-image-2083\" src=\"https:\/\/www.martina-tegtmeier.de\/wp-content\/uploads\/2022\/03\/Sharepic_Frauentag_Martina-Tegtmeier2-300x300.jpg\" alt=\"\" width=\"300\" height=\"300\" srcset=\"https:\/\/www.martina-tegtmeier.de\/wp-content\/uploads\/2022\/03\/Sharepic_Frauentag_Martina-Tegtmeier2-300x300.jpg 300w, https:\/\/www.martina-tegtmeier.de\/wp-content\/uploads\/2022\/03\/Sharepic_Frauentag_Martina-Tegtmeier2-1024x1024.jpg 1024w, https:\/\/www.martina-tegtmeier.de\/wp-content\/uploads\/2022\/03\/Sharepic_Frauentag_Martina-Tegtmeier2-150x150.jpg 150w, https:\/\/www.martina-tegtmeier.de\/wp-content\/uploads\/2022\/03\/Sharepic_Frauentag_Martina-Tegtmeier2-768x768.jpg 768w, https:\/\/www.martina-tegtmeier.de\/wp-content\/uploads\/2022\/03\/Sharepic_Frauentag_Martina-Tegtmeier2-1536x1536.jpg 1536w, https:\/\/www.martina-tegtmeier.de\/wp-content\/uploads\/2022\/03\/Sharepic_Frauentag_Martina-Tegtmeier2-2048x2048.jpg 2048w\" sizes=\"auto, (max-width: 300px) 100vw, 300px\" \/><\/a><\/div>\n<div dir=\"auto\">\n<p><a href=\"https:\/\/www.martina-tegtmeier.de\/wp-content\/uploads\/2022\/03\/IMG_20220308_140616-scaled.jpg\"><img loading=\"lazy\" decoding=\"async\" class=\"alignnone size-medium wp-image-2080\" src=\"https:\/\/www.martina-tegtmeier.de\/wp-content\/uploads\/2022\/03\/IMG_20220308_140616-300x225.jpg\" alt=\"\" width=\"300\" height=\"225\" srcset=\"https:\/\/www.martina-tegtmeier.de\/wp-content\/uploads\/2022\/03\/IMG_20220308_140616-300x225.jpg 300w, https:\/\/www.martina-tegtmeier.de\/wp-content\/uploads\/2022\/03\/IMG_20220308_140616-1024x768.jpg 1024w, https:\/\/www.martina-tegtmeier.de\/wp-content\/uploads\/2022\/03\/IMG_20220308_140616-768x576.jpg 768w, https:\/\/www.martina-tegtmeier.de\/wp-content\/uploads\/2022\/03\/IMG_20220308_140616-1536x1152.jpg 1536w, https:\/\/www.martina-tegtmeier.de\/wp-content\/uploads\/2022\/03\/IMG_20220308_140616-2048x1536.jpg 2048w\" sizes=\"auto, (max-width: 300px) 100vw, 300px\" \/>\u00a0<\/a><a href=\"https:\/\/www.martina-tegtmeier.de\/wp-content\/uploads\/2022\/03\/IMG_20220308_144858-scaled.jpg\"><img loading=\"lazy\" decoding=\"async\" class=\"size-medium wp-image-2081\" src=\"https:\/\/www.martina-tegtmeier.de\/wp-content\/uploads\/2022\/03\/IMG_20220308_144858-204x300.jpg\" alt=\"\" width=\"204\" height=\"300\" srcset=\"https:\/\/www.martina-tegtmeier.de\/wp-content\/uploads\/2022\/03\/IMG_20220308_144858-204x300.jpg 204w, https:\/\/www.martina-tegtmeier.de\/wp-content\/uploads\/2022\/03\/IMG_20220308_144858-697x1024.jpg 697w, https:\/\/www.martina-tegtmeier.de\/wp-content\/uploads\/2022\/03\/IMG_20220308_144858-768x1128.jpg 768w, https:\/\/www.martina-tegtmeier.de\/wp-content\/uploads\/2022\/03\/IMG_20220308_144858-1046x1536.jpg 1046w, https:\/\/www.martina-tegtmeier.de\/wp-content\/uploads\/2022\/03\/IMG_20220308_144858-1395x2048.jpg 1395w, https:\/\/www.martina-tegtmeier.de\/wp-content\/uploads\/2022\/03\/IMG_20220308_144858-scaled.jpg 1744w\" sizes=\"auto, (max-width: 204px) 100vw, 204px\" \/><\/a><\/p>\n<\/div>\n","protected":false},"excerpt":{"rendered":"<p>&#8222;Dieser Internationale Frauentag ist die wuchtigste Kundgebung f\u00fcr das Frauenwahlrecht gewesen, welche die Geschichte der Bewegung f\u00fcr die Emanzipation des weiblichen Geschlechts bis heute verzeichnen kann.\u201c (Clara Zetkin 1911) Heute war ich traditionsgem\u00e4\u00df im Mehrgenerationenhaus auf der Insel Poel zu &hellip; <a href=\"https:\/\/www.martina-tegtmeier.de\/?p=2079\">Weiterlesen <span class=\"meta-nav\">&rarr;<\/span><\/a><\/p>\n","protected":false},"author":2,"featured_media":0,"comment_status":"closed","ping_status":"closed","sticky":false,"template":"","format":"standard","meta":{"footnotes":""},"categories":[9],"tags":[],"class_list":["post-2079","post","type-post","status-publish","format-standard","hentry","category-aktivitaeten"],"_links":{"self":[{"href":"https:\/\/www.martina-tegtmeier.de\/index.php?rest_route=\/wp\/v2\/posts\/2079","targetHints":{"allow":["GET"]}}],"collection":[{"href":"https:\/\/www.martina-tegtmeier.de\/index.php?rest_route=\/wp\/v2\/posts"}],"about":[{"href":"https:\/\/www.martina-tegtmeier.de\/index.php?rest_route=\/wp\/v2\/types\/post"}],"author":[{"embeddable":true,"href":"https:\/\/www.martina-tegtmeier.de\/index.php?rest_route=\/wp\/v2\/users\/2"}],"replies":[{"embeddable":true,"href":"https:\/\/www.martina-tegtmeier.de\/index.php?rest_route=%2Fwp%2Fv2%2Fcomments&post=2079"}],"version-history":[{"count":2,"href":"https:\/\/www.martina-tegtmeier.de\/index.php?rest_route=\/wp\/v2\/posts\/2079\/revisions"}],"predecessor-version":[{"id":2085,"href":"https:\/\/www.martina-tegtmeier.de\/index.php?rest_route=\/wp\/v2\/posts\/2079\/revisions\/2085"}],"wp:attachment":[{"href":"https:\/\/www.martina-tegtmeier.de\/index.php?rest_route=%2Fwp%2Fv2%2Fmedia&parent=2079"}],"wp:term":[{"taxonomy":"category","embeddable":true,"href":"https:\/\/www.martina-tegtmeier.de\/index.php?rest_route=%2Fwp%2Fv2%2Fcategories&post=2079"},{"taxonomy":"post_tag","embeddable":true,"href":"https:\/\/www.martina-tegtmeier.de\/index.php?rest_route=%2Fwp%2Fv2%2Ftags&post=2079"}],"curies":[{"name":"wp","href":"https:\/\/api.w.org\/{rel}","templated":true}]}}