{"id":2168,"date":"2022-09-12T06:43:43","date_gmt":"2022-09-12T06:43:43","guid":{"rendered":"https:\/\/www.martina-tegtmeier.de\/?p=2168"},"modified":"2022-09-12T06:43:43","modified_gmt":"2022-09-12T06:43:43","slug":"tag-der-ersten-hilfe-am-10-9-2022-in-meinem-buergerbuero-in-gadebusch","status":"publish","type":"post","link":"https:\/\/www.martina-tegtmeier.de\/?p=2168","title":{"rendered":"Tag der Ersten Hilfe am 10.9.2022 in meinem B\u00fcrgerb\u00fcro in Gadebusch"},"content":{"rendered":"<p>Zum Tag der Ersten Hilfe habe ich in die R\u00e4umlichkeiten von meinem B\u00fcrgerb\u00fcro eingeladen.<br \/>\nHerr\u00a0Pettkus\u00a0und Herr\u00a0Krege\u00a0vom DRK Nordwestmecklenburg haben viele Tipps zur Ersten Hilfe gegeben. Freudig \u00fcberrascht war ich dar\u00fcber, dass einige Eltern mit ihren Kindern mitgemacht haben. Eine Mutti sagte \u201eich m\u00f6chte, dass meine Kinder wissen, wie sie Erste Hilfe leisten k\u00f6nnen, wenn ich mal zu Hause in Not gerate\u201c<br \/>\nDer 15- j\u00e4hrige Nico wollte zudem von den Rettungssanit\u00e4tern wissen, was f\u00fcr Voraussetzungen man f\u00fcr den Beruf eines Rettungssanit\u00e4ter ben\u00f6tigt.<br \/>\nVielen Dank an Herrn\u00a0Pettkus\u00a0und Herrn\u00a0Krege\u00a0f\u00fcr ihre tollen Vorf\u00fchrungen, Tipps und Ratschl\u00e4ge!<\/p>\n<p><a href=\"https:\/\/www.martina-tegtmeier.de\/wp-content\/uploads\/2022\/09\/IMG_20220910_092316-scaled.jpg\"><img loading=\"lazy\" decoding=\"async\" class=\"alignnone size-medium wp-image-2169\" src=\"https:\/\/www.martina-tegtmeier.de\/wp-content\/uploads\/2022\/09\/IMG_20220910_092316-300x225.jpg\" alt=\"\" width=\"300\" height=\"225\" srcset=\"https:\/\/www.martina-tegtmeier.de\/wp-content\/uploads\/2022\/09\/IMG_20220910_092316-300x225.jpg 300w, https:\/\/www.martina-tegtmeier.de\/wp-content\/uploads\/2022\/09\/IMG_20220910_092316-1024x768.jpg 1024w, https:\/\/www.martina-tegtmeier.de\/wp-content\/uploads\/2022\/09\/IMG_20220910_092316-768x576.jpg 768w, https:\/\/www.martina-tegtmeier.de\/wp-content\/uploads\/2022\/09\/IMG_20220910_092316-1536x1152.jpg 1536w, https:\/\/www.martina-tegtmeier.de\/wp-content\/uploads\/2022\/09\/IMG_20220910_092316-2048x1536.jpg 2048w\" sizes=\"auto, (max-width: 300px) 100vw, 300px\" \/><\/a> <a href=\"https:\/\/www.martina-tegtmeier.de\/wp-content\/uploads\/2022\/09\/IMG_20220910_101514-scaled.jpg\"><img loading=\"lazy\" decoding=\"async\" class=\"alignnone size-medium wp-image-2170\" src=\"https:\/\/www.martina-tegtmeier.de\/wp-content\/uploads\/2022\/09\/IMG_20220910_101514-300x225.jpg\" alt=\"\" width=\"300\" height=\"225\" srcset=\"https:\/\/www.martina-tegtmeier.de\/wp-content\/uploads\/2022\/09\/IMG_20220910_101514-300x225.jpg 300w, https:\/\/www.martina-tegtmeier.de\/wp-content\/uploads\/2022\/09\/IMG_20220910_101514-1024x768.jpg 1024w, https:\/\/www.martina-tegtmeier.de\/wp-content\/uploads\/2022\/09\/IMG_20220910_101514-768x576.jpg 768w, https:\/\/www.martina-tegtmeier.de\/wp-content\/uploads\/2022\/09\/IMG_20220910_101514-1536x1152.jpg 1536w, https:\/\/www.martina-tegtmeier.de\/wp-content\/uploads\/2022\/09\/IMG_20220910_101514-2048x1536.jpg 2048w\" sizes=\"auto, (max-width: 300px) 100vw, 300px\" \/><\/a><\/p>\n","protected":false},"excerpt":{"rendered":"<p>Zum Tag der Ersten Hilfe habe ich in die R\u00e4umlichkeiten von meinem B\u00fcrgerb\u00fcro eingeladen. Herr\u00a0Pettkus\u00a0und Herr\u00a0Krege\u00a0vom DRK Nordwestmecklenburg haben viele Tipps zur Ersten Hilfe gegeben. Freudig \u00fcberrascht war ich dar\u00fcber, dass einige Eltern mit ihren Kindern mitgemacht haben. Eine Mutti &hellip; <a href=\"https:\/\/www.martina-tegtmeier.de\/?p=2168\">Weiterlesen <span class=\"meta-nav\">&rarr;<\/span><\/a><\/p>\n","protected":false},"author":2,"featured_media":0,"comment_status":"closed","ping_status":"closed","sticky":false,"template":"","format":"standard","meta":{"footnotes":""},"categories":[9],"tags":[],"class_list":["post-2168","post","type-post","status-publish","format-standard","hentry","category-aktivitaeten"],"_links":{"self":[{"href":"https:\/\/www.martina-tegtmeier.de\/index.php?rest_route=\/wp\/v2\/posts\/2168","targetHints":{"allow":["GET"]}}],"collection":[{"href":"https:\/\/www.martina-tegtmeier.de\/index.php?rest_route=\/wp\/v2\/posts"}],"about":[{"href":"https:\/\/www.martina-tegtmeier.de\/index.php?rest_route=\/wp\/v2\/types\/post"}],"author":[{"embeddable":true,"href":"https:\/\/www.martina-tegtmeier.de\/index.php?rest_route=\/wp\/v2\/users\/2"}],"replies":[{"embeddable":true,"href":"https:\/\/www.martina-tegtmeier.de\/index.php?rest_route=%2Fwp%2Fv2%2Fcomments&post=2168"}],"version-history":[{"count":1,"href":"https:\/\/www.martina-tegtmeier.de\/index.php?rest_route=\/wp\/v2\/posts\/2168\/revisions"}],"predecessor-version":[{"id":2171,"href":"https:\/\/www.martina-tegtmeier.de\/index.php?rest_route=\/wp\/v2\/posts\/2168\/revisions\/2171"}],"wp:attachment":[{"href":"https:\/\/www.martina-tegtmeier.de\/index.php?rest_route=%2Fwp%2Fv2%2Fmedia&parent=2168"}],"wp:term":[{"taxonomy":"category","embeddable":true,"href":"https:\/\/www.martina-tegtmeier.de\/index.php?rest_route=%2Fwp%2Fv2%2Fcategories&post=2168"},{"taxonomy":"post_tag","embeddable":true,"href":"https:\/\/www.martina-tegtmeier.de\/index.php?rest_route=%2Fwp%2Fv2%2Ftags&post=2168"}],"curies":[{"name":"wp","href":"https:\/\/api.w.org\/{rel}","templated":true}]}}