{"id":2173,"date":"2022-09-29T06:12:38","date_gmt":"2022-09-29T06:12:38","guid":{"rendered":"https:\/\/www.martina-tegtmeier.de\/?p=2173"},"modified":"2022-10-13T08:19:41","modified_gmt":"2022-10-13T08:19:41","slug":"infoveranstaltung-zur-grundsteuer-am-12-10-2022-in-gadebusch-weitere-informationen-im-text","status":"publish","type":"post","link":"https:\/\/www.martina-tegtmeier.de\/?p=2173","title":{"rendered":"+++Infoveranstaltung zur Grundsteuer am 12.10.2022 in Gadebusch &#8211; weitere Informationen im Text&#8230;+++"},"content":{"rendered":"<p><strong>Infoveranstaltung zur Reform der Grundsteuer mit der Staatssekret\u00e4rin im Finanzministerium Dr. Carola Vo\u00df und der SPD-Landtagsabgeordneten Martina Tegtmeier.<\/strong><\/p>\n<p><strong>Jetzt informieren \u00fcber die Neuberechnung und alles Wissenswerte zur Grundsteuer.<\/strong><\/p>\n<p>Seit 1. Juli l\u00e4uft die bundesweite Neuberechnung der Grundsteuer. Das ist der n\u00e4chste Schritt der Grundsteuerreform. Alle Immobilien-Eigent\u00fcmer sind verpflichtet, eine neue Steuererkl\u00e4rung abzugeben.\u00a0In Mecklenburg-Vorpommern hat das Finanzministerium dazu bereits vor Wochen ein entsprechendes Informationsschreiben \u00fcber das Erfordernis der Neubewertung von Grundst\u00fccken zu Steuerzwecken an alle betroffenen Haushalte versendet. Die Abgabefrist endet am 31. Oktober. Bis dahin muss eine Feststellungserkl\u00e4rung beim zust\u00e4ndigen Finanzamt eingereicht werden.<\/p>\n<p>Das wirft f\u00fcr viele B\u00fcrgerinnen und B\u00fcrger Fragen, aber auch Sorgen auf, die wir sehr ernst nehmen. Aus diesem Grund lade ich alle Interessierten zu einer \u00f6ffentlichen Informationsveranstaltung mit der Staatssekret\u00e4rin aus dem Finanzministerium, Frau Dr. Carola Vo\u00df, zur Reform der Grundsteuer ein. Seitens der SPD -Landtagsfraktion wird Martina Tegtmeier teilnehmen.<\/p>\n<p><strong>Die Infoveranstaltung ist am 12.10.2022 von 16:00 Uhr bis 18:00 im Saal der Freiwilligen Feuerwehr in der Agnes \u2013 Karll- Str.46 in Gadebusch. Die Teilnahme ist kostenfrei. Nach einer umfassenden Einf\u00fchrung haben Sie die M\u00f6glichkeit, Ihre Fragen zum Thema zu stellen.<\/strong><\/p>\n<p>Insgesamt sorgt die Grundsteuerreform f\u00fcr mehr Gerechtigkeit bei der Besteuerung gleichartiger Grundst\u00fccke. Bisher konnte es vorkommen, dass \u00e4hnliche Grundst\u00fccke zu unterschiedlichen Steuerabgaben gef\u00fchrt haben. Das Bundesverfassungsgericht erkl\u00e4rte das 2018 f\u00fcr verfassungswidrig. Daraufhin wurde Ende 2019 das Bundesgesetz ge\u00e4ndert. Das ist gerecht und tr\u00e4gt den Vorgaben des Bundesverfassungsgerichts Rechnung. Ziel ist, dass die Steuerbelastung f\u00fcr Eigent\u00fcmerinnen und Eigent\u00fcmer nicht steigt. F\u00fcr alle Beteiligten ist der Weg sehr aufwendig. Das muss aber sein, um den abgesteckten Zeitrahmen einhalten zu k\u00f6nnen. Ab dem 1. Januar 2025 muss die Grundsteuer nach den neuen Regeln erhoben werden.<\/p>\n","protected":false},"excerpt":{"rendered":"<p>Infoveranstaltung zur Reform der Grundsteuer mit der Staatssekret\u00e4rin im Finanzministerium Dr. Carola Vo\u00df und der SPD-Landtagsabgeordneten Martina Tegtmeier. Jetzt informieren \u00fcber die Neuberechnung und alles Wissenswerte zur Grundsteuer. Seit 1. Juli l\u00e4uft die bundesweite Neuberechnung der Grundsteuer. Das ist der &hellip; <a href=\"https:\/\/www.martina-tegtmeier.de\/?p=2173\">Weiterlesen <span class=\"meta-nav\">&rarr;<\/span><\/a><\/p>\n","protected":false},"author":2,"featured_media":0,"comment_status":"closed","ping_status":"closed","sticky":false,"template":"","format":"standard","meta":{"footnotes":""},"categories":[8],"tags":[],"class_list":["post-2173","post","type-post","status-publish","format-standard","hentry","category-aktuelles"],"_links":{"self":[{"href":"https:\/\/www.martina-tegtmeier.de\/index.php?rest_route=\/wp\/v2\/posts\/2173","targetHints":{"allow":["GET"]}}],"collection":[{"href":"https:\/\/www.martina-tegtmeier.de\/index.php?rest_route=\/wp\/v2\/posts"}],"about":[{"href":"https:\/\/www.martina-tegtmeier.de\/index.php?rest_route=\/wp\/v2\/types\/post"}],"author":[{"embeddable":true,"href":"https:\/\/www.martina-tegtmeier.de\/index.php?rest_route=\/wp\/v2\/users\/2"}],"replies":[{"embeddable":true,"href":"https:\/\/www.martina-tegtmeier.de\/index.php?rest_route=%2Fwp%2Fv2%2Fcomments&post=2173"}],"version-history":[{"count":1,"href":"https:\/\/www.martina-tegtmeier.de\/index.php?rest_route=\/wp\/v2\/posts\/2173\/revisions"}],"predecessor-version":[{"id":2174,"href":"https:\/\/www.martina-tegtmeier.de\/index.php?rest_route=\/wp\/v2\/posts\/2173\/revisions\/2174"}],"wp:attachment":[{"href":"https:\/\/www.martina-tegtmeier.de\/index.php?rest_route=%2Fwp%2Fv2%2Fmedia&parent=2173"}],"wp:term":[{"taxonomy":"category","embeddable":true,"href":"https:\/\/www.martina-tegtmeier.de\/index.php?rest_route=%2Fwp%2Fv2%2Fcategories&post=2173"},{"taxonomy":"post_tag","embeddable":true,"href":"https:\/\/www.martina-tegtmeier.de\/index.php?rest_route=%2Fwp%2Fv2%2Ftags&post=2173"}],"curies":[{"name":"wp","href":"https:\/\/api.w.org\/{rel}","templated":true}]}}