{"id":2180,"date":"2022-10-13T08:18:29","date_gmt":"2022-10-13T08:18:29","guid":{"rendered":"https:\/\/www.martina-tegtmeier.de\/?p=2180"},"modified":"2022-10-20T11:14:58","modified_gmt":"2022-10-20T11:14:58","slug":"infoveranstaltung-zur-grundsteuer-in-gadebusch-am-12-10-2022","status":"publish","type":"post","link":"https:\/\/www.martina-tegtmeier.de\/?p=2180","title":{"rendered":"Infoveranstaltung zur Grundsteuer in Gadebusch am 12.10.2022"},"content":{"rendered":"<p>Die Informationsveranstaltung zur Reform der Grundsteuer mit der Staatssekret\u00e4rin im Finanzministerium Dr. Carola Vo\u00df stie\u00df auf reges Interesse in der Bev\u00f6lkerung. Zahlreiche Fragen der B\u00fcrger*innen konnten beantwortet werden bzgl. der Zweckm\u00e4\u00dfigkeit der Neubewertung der Grundsteuer sowie das Ausf\u00fcllen der Formulare. Herzlichen Dank an die Kameradinnen und Kameraden der Feuerwehr Gadebusch f\u00fcr die Bewirtung nach der Veranstaltung!<\/p>\n<p><a href=\"https:\/\/www.martina-tegtmeier.de\/wp-content\/uploads\/2022\/10\/IMG_20221012_163217-scaled.jpg\"><img loading=\"lazy\" decoding=\"async\" class=\"alignnone size-medium wp-image-2181\" src=\"https:\/\/www.martina-tegtmeier.de\/wp-content\/uploads\/2022\/10\/IMG_20221012_163217-300x225.jpg\" alt=\"\" width=\"300\" height=\"225\" srcset=\"https:\/\/www.martina-tegtmeier.de\/wp-content\/uploads\/2022\/10\/IMG_20221012_163217-300x225.jpg 300w, https:\/\/www.martina-tegtmeier.de\/wp-content\/uploads\/2022\/10\/IMG_20221012_163217-1024x768.jpg 1024w, https:\/\/www.martina-tegtmeier.de\/wp-content\/uploads\/2022\/10\/IMG_20221012_163217-768x576.jpg 768w, https:\/\/www.martina-tegtmeier.de\/wp-content\/uploads\/2022\/10\/IMG_20221012_163217-1536x1152.jpg 1536w, https:\/\/www.martina-tegtmeier.de\/wp-content\/uploads\/2022\/10\/IMG_20221012_163217-2048x1536.jpg 2048w\" sizes=\"auto, (max-width: 300px) 100vw, 300px\" \/><\/a> <a href=\"https:\/\/www.martina-tegtmeier.de\/wp-content\/uploads\/2022\/10\/IMG_20221012_170545-scaled.jpg\"><img loading=\"lazy\" decoding=\"async\" class=\"alignnone size-medium wp-image-2182\" src=\"https:\/\/www.martina-tegtmeier.de\/wp-content\/uploads\/2022\/10\/IMG_20221012_170545-300x225.jpg\" alt=\"\" width=\"300\" height=\"225\" srcset=\"https:\/\/www.martina-tegtmeier.de\/wp-content\/uploads\/2022\/10\/IMG_20221012_170545-300x225.jpg 300w, https:\/\/www.martina-tegtmeier.de\/wp-content\/uploads\/2022\/10\/IMG_20221012_170545-1024x768.jpg 1024w, https:\/\/www.martina-tegtmeier.de\/wp-content\/uploads\/2022\/10\/IMG_20221012_170545-768x576.jpg 768w, https:\/\/www.martina-tegtmeier.de\/wp-content\/uploads\/2022\/10\/IMG_20221012_170545-1536x1152.jpg 1536w, https:\/\/www.martina-tegtmeier.de\/wp-content\/uploads\/2022\/10\/IMG_20221012_170545-2048x1536.jpg 2048w\" sizes=\"auto, (max-width: 300px) 100vw, 300px\" \/><\/a><\/p>\n","protected":false},"excerpt":{"rendered":"<p>Die Informationsveranstaltung zur Reform der Grundsteuer mit der Staatssekret\u00e4rin im Finanzministerium Dr. Carola Vo\u00df stie\u00df auf reges Interesse in der Bev\u00f6lkerung. Zahlreiche Fragen der B\u00fcrger*innen konnten beantwortet werden bzgl. der Zweckm\u00e4\u00dfigkeit der Neubewertung der Grundsteuer sowie das Ausf\u00fcllen der Formulare. &hellip; <a href=\"https:\/\/www.martina-tegtmeier.de\/?p=2180\">Weiterlesen <span class=\"meta-nav\">&rarr;<\/span><\/a><\/p>\n","protected":false},"author":2,"featured_media":0,"comment_status":"closed","ping_status":"closed","sticky":false,"template":"","format":"standard","meta":{"footnotes":""},"categories":[9],"tags":[],"class_list":["post-2180","post","type-post","status-publish","format-standard","hentry","category-aktivitaeten"],"_links":{"self":[{"href":"https:\/\/www.martina-tegtmeier.de\/index.php?rest_route=\/wp\/v2\/posts\/2180","targetHints":{"allow":["GET"]}}],"collection":[{"href":"https:\/\/www.martina-tegtmeier.de\/index.php?rest_route=\/wp\/v2\/posts"}],"about":[{"href":"https:\/\/www.martina-tegtmeier.de\/index.php?rest_route=\/wp\/v2\/types\/post"}],"author":[{"embeddable":true,"href":"https:\/\/www.martina-tegtmeier.de\/index.php?rest_route=\/wp\/v2\/users\/2"}],"replies":[{"embeddable":true,"href":"https:\/\/www.martina-tegtmeier.de\/index.php?rest_route=%2Fwp%2Fv2%2Fcomments&post=2180"}],"version-history":[{"count":3,"href":"https:\/\/www.martina-tegtmeier.de\/index.php?rest_route=\/wp\/v2\/posts\/2180\/revisions"}],"predecessor-version":[{"id":2186,"href":"https:\/\/www.martina-tegtmeier.de\/index.php?rest_route=\/wp\/v2\/posts\/2180\/revisions\/2186"}],"wp:attachment":[{"href":"https:\/\/www.martina-tegtmeier.de\/index.php?rest_route=%2Fwp%2Fv2%2Fmedia&parent=2180"}],"wp:term":[{"taxonomy":"category","embeddable":true,"href":"https:\/\/www.martina-tegtmeier.de\/index.php?rest_route=%2Fwp%2Fv2%2Fcategories&post=2180"},{"taxonomy":"post_tag","embeddable":true,"href":"https:\/\/www.martina-tegtmeier.de\/index.php?rest_route=%2Fwp%2Fv2%2Ftags&post=2180"}],"curies":[{"name":"wp","href":"https:\/\/api.w.org\/{rel}","templated":true}]}}