{"id":2214,"date":"2023-03-21T15:00:01","date_gmt":"2023-03-21T15:00:01","guid":{"rendered":"https:\/\/www.martina-tegtmeier.de\/?p=2214"},"modified":"2023-03-28T07:16:19","modified_gmt":"2023-03-28T07:16:19","slug":"landtag-schafft-rechtssicherheit-bei-satzungen-fuer-muellgebuehre","status":"publish","type":"post","link":"https:\/\/www.martina-tegtmeier.de\/?p=2214","title":{"rendered":"Landtag schafft Rechtssicherheit bei Satzungen f\u00fcr M\u00fcllgeb\u00fchren"},"content":{"rendered":"<h1><\/h1>\n<div class=\"itemBody\">\n<div class=\"itemTeaserText\">Der Landtag hat heute in zweiter Lesung die \u00c4nderung des Kommunalabgabengesetzes beschlossen.<\/div>\n<div class=\"itemFullText\">\n<p>Dabei geht es um die Einf\u00fchrung von degressiven gewichtsbezogenen M\u00fcllgeb\u00fchren. Eine degressive Staffelung ist bisher unzul\u00e4ssig. Dazu erkl\u00e4rt Martina Tegtmeier, innen- und kommunalpolitische Sprecherin der SPD-Fraktion im Landtag:<\/p>\n<p>\u201eMit der Gesetzes\u00e4nderung sollen \u00f6ffentlich-rechtliche Entsorgungstr\u00e4ger in Zukunft auch abnehmend gestaffelte Abfallgeb\u00fchren erheben d\u00fcrfen, wenn nachweislich eine Kostenabnahme bei zunehmender Leistungsmenge eintritt. Dies sorgt f\u00fcr mehr Flexibilit\u00e4t bei der Gestaltung von Geb\u00fchrensatzungen und schafft Rechtssicherheit f\u00fcr die betroffenen Kommunen.<\/p>\n<p>Die Geb\u00fchrenprogression wird weiterhin dazu beitragen, Anreize zur Abfallvermeidung zu setzen, w\u00e4hrend die Geb\u00fchrendegression gezielt auf eine genaue Kostenzuordnung abzielt, die bei zunehmenden Abfallmengen zu abnehmenden Kosten f\u00fchrt.<\/p>\n<p>Notwendig geworden war diese Erg\u00e4nzung des Kommunalabgabengesetzes, nachdem das Oberverwaltungsgericht f\u00fcr das Land Mecklenburg-Vorpommern in seinem Urteil vom 26. Oktober 2021 im Zuge der Auslegung der Landesrechtlichen Regelungen des Abfallwirtschaftsgesetzes und des Kommunalabgabengesetzes festgestellt hatte, dass das Landesrecht eine degressive Staffelung von Abfallgeb\u00fchren nicht zul\u00e4sst. Dadurch waren kommunale Satzungen rechtswidrig geworden.<\/p>\n<\/div>\n<\/div>\n","protected":false},"excerpt":{"rendered":"<p>Der Landtag hat heute in zweiter Lesung die \u00c4nderung des Kommunalabgabengesetzes beschlossen. Dabei geht es um die Einf\u00fchrung von degressiven gewichtsbezogenen M\u00fcllgeb\u00fchren. Eine degressive Staffelung ist bisher unzul\u00e4ssig. Dazu erkl\u00e4rt Martina Tegtmeier, innen- und kommunalpolitische Sprecherin der SPD-Fraktion im Landtag: &hellip; <a href=\"https:\/\/www.martina-tegtmeier.de\/?p=2214\">Weiterlesen <span class=\"meta-nav\">&rarr;<\/span><\/a><\/p>\n","protected":false},"author":2,"featured_media":0,"comment_status":"closed","ping_status":"closed","sticky":false,"template":"","format":"standard","meta":{"footnotes":""},"categories":[8],"tags":[],"class_list":["post-2214","post","type-post","status-publish","format-standard","hentry","category-aktuelles"],"_links":{"self":[{"href":"https:\/\/www.martina-tegtmeier.de\/index.php?rest_route=\/wp\/v2\/posts\/2214","targetHints":{"allow":["GET"]}}],"collection":[{"href":"https:\/\/www.martina-tegtmeier.de\/index.php?rest_route=\/wp\/v2\/posts"}],"about":[{"href":"https:\/\/www.martina-tegtmeier.de\/index.php?rest_route=\/wp\/v2\/types\/post"}],"author":[{"embeddable":true,"href":"https:\/\/www.martina-tegtmeier.de\/index.php?rest_route=\/wp\/v2\/users\/2"}],"replies":[{"embeddable":true,"href":"https:\/\/www.martina-tegtmeier.de\/index.php?rest_route=%2Fwp%2Fv2%2Fcomments&post=2214"}],"version-history":[{"count":2,"href":"https:\/\/www.martina-tegtmeier.de\/index.php?rest_route=\/wp\/v2\/posts\/2214\/revisions"}],"predecessor-version":[{"id":2216,"href":"https:\/\/www.martina-tegtmeier.de\/index.php?rest_route=\/wp\/v2\/posts\/2214\/revisions\/2216"}],"wp:attachment":[{"href":"https:\/\/www.martina-tegtmeier.de\/index.php?rest_route=%2Fwp%2Fv2%2Fmedia&parent=2214"}],"wp:term":[{"taxonomy":"category","embeddable":true,"href":"https:\/\/www.martina-tegtmeier.de\/index.php?rest_route=%2Fwp%2Fv2%2Fcategories&post=2214"},{"taxonomy":"post_tag","embeddable":true,"href":"https:\/\/www.martina-tegtmeier.de\/index.php?rest_route=%2Fwp%2Fv2%2Ftags&post=2214"}],"curies":[{"name":"wp","href":"https:\/\/api.w.org\/{rel}","templated":true}]}}