{"id":2232,"date":"2023-05-01T05:58:30","date_gmt":"2023-05-01T05:58:30","guid":{"rendered":"https:\/\/www.martina-tegtmeier.de\/?p=2232"},"modified":"2023-05-02T06:06:35","modified_gmt":"2023-05-02T06:06:35","slug":"1-mai-in-warin","status":"publish","type":"post","link":"https:\/\/www.martina-tegtmeier.de\/?p=2232","title":{"rendered":"1.Mai in Warin"},"content":{"rendered":"<div dir=\"auto\">Die gr\u00f6\u00dfte Veranstaltung anl\u00e4sslich des 1.Mai (Tag der Arbeit) in meinem Wahlkreis findet jedes Jahr in Warin statt.<\/div>\n<div dir=\"auto\">Hier wird traditionell ein Fest mit Highlights f\u00fcr Gro\u00df und Klein organisiert, an dem ich immer wieder gerne teilnehme.<\/div>\n<div dir=\"auto\">Nach der Er\u00f6ffnungsrede durch den B\u00fcrgermeister der Stadt Warin, Herrn Bj\u00f6rn Griese, wurde einige Kameradinnen und Kameraden der Freiwilligen Feuerwehr Warin, durch den B\u00fcrgermeister und dem Wehrf\u00fchrer Torsten Ries, f\u00fcr ihre langj\u00e4hrige Mitgliedschaft geehrt.<\/div>\n<div dir=\"auto\">Danach begann das bunte Treiben, u.a. auch am Stand der DLRG Warin, der wir vor einigen Jahren ein Ponton \u00fcber F\u00f6rdermittel des Landes Mecklenburg &#8211; Vorpommern beschaffen konnten.<\/div>\n<div dir=\"auto\"><\/div>\n<div dir=\"auto\"><a href=\"https:\/\/www.martina-tegtmeier.de\/wp-content\/uploads\/2023\/05\/IMG_20230501_105200-scaled.jpg\"><img loading=\"lazy\" decoding=\"async\" class=\"alignnone size-medium wp-image-2233\" src=\"https:\/\/www.martina-tegtmeier.de\/wp-content\/uploads\/2023\/05\/IMG_20230501_105200-300x225.jpg\" alt=\"\" width=\"300\" height=\"225\" srcset=\"https:\/\/www.martina-tegtmeier.de\/wp-content\/uploads\/2023\/05\/IMG_20230501_105200-300x225.jpg 300w, https:\/\/www.martina-tegtmeier.de\/wp-content\/uploads\/2023\/05\/IMG_20230501_105200-1024x768.jpg 1024w, https:\/\/www.martina-tegtmeier.de\/wp-content\/uploads\/2023\/05\/IMG_20230501_105200-768x576.jpg 768w, https:\/\/www.martina-tegtmeier.de\/wp-content\/uploads\/2023\/05\/IMG_20230501_105200-1536x1152.jpg 1536w, https:\/\/www.martina-tegtmeier.de\/wp-content\/uploads\/2023\/05\/IMG_20230501_105200-2048x1536.jpg 2048w\" sizes=\"auto, (max-width: 300px) 100vw, 300px\" \/><\/a> <a href=\"https:\/\/www.martina-tegtmeier.de\/wp-content\/uploads\/2023\/05\/IMG_20230501_105209-scaled.jpg\"><img loading=\"lazy\" decoding=\"async\" class=\"alignnone size-medium wp-image-2234\" src=\"https:\/\/www.martina-tegtmeier.de\/wp-content\/uploads\/2023\/05\/IMG_20230501_105209-300x225.jpg\" alt=\"\" width=\"300\" height=\"225\" srcset=\"https:\/\/www.martina-tegtmeier.de\/wp-content\/uploads\/2023\/05\/IMG_20230501_105209-300x225.jpg 300w, https:\/\/www.martina-tegtmeier.de\/wp-content\/uploads\/2023\/05\/IMG_20230501_105209-1024x768.jpg 1024w, https:\/\/www.martina-tegtmeier.de\/wp-content\/uploads\/2023\/05\/IMG_20230501_105209-768x576.jpg 768w, https:\/\/www.martina-tegtmeier.de\/wp-content\/uploads\/2023\/05\/IMG_20230501_105209-1536x1152.jpg 1536w, https:\/\/www.martina-tegtmeier.de\/wp-content\/uploads\/2023\/05\/IMG_20230501_105209-2048x1536.jpg 2048w\" sizes=\"auto, (max-width: 300px) 100vw, 300px\" \/><\/a> <a href=\"https:\/\/www.martina-tegtmeier.de\/wp-content\/uploads\/2023\/05\/IMG_20230501_110349-scaled.jpg\"><img loading=\"lazy\" decoding=\"async\" class=\"alignnone size-medium wp-image-2235\" src=\"https:\/\/www.martina-tegtmeier.de\/wp-content\/uploads\/2023\/05\/IMG_20230501_110349-300x225.jpg\" alt=\"\" width=\"300\" height=\"225\" srcset=\"https:\/\/www.martina-tegtmeier.de\/wp-content\/uploads\/2023\/05\/IMG_20230501_110349-300x225.jpg 300w, https:\/\/www.martina-tegtmeier.de\/wp-content\/uploads\/2023\/05\/IMG_20230501_110349-1024x768.jpg 1024w, https:\/\/www.martina-tegtmeier.de\/wp-content\/uploads\/2023\/05\/IMG_20230501_110349-768x576.jpg 768w, https:\/\/www.martina-tegtmeier.de\/wp-content\/uploads\/2023\/05\/IMG_20230501_110349-1536x1152.jpg 1536w, https:\/\/www.martina-tegtmeier.de\/wp-content\/uploads\/2023\/05\/IMG_20230501_110349-2048x1536.jpg 2048w\" sizes=\"auto, (max-width: 300px) 100vw, 300px\" \/><\/a><a href=\"https:\/\/www.martina-tegtmeier.de\/wp-content\/uploads\/2023\/05\/IMG_20230501_123556-scaled.jpg\"><img loading=\"lazy\" decoding=\"async\" class=\"alignnone size-medium wp-image-2236\" src=\"https:\/\/www.martina-tegtmeier.de\/wp-content\/uploads\/2023\/05\/IMG_20230501_123556-225x300.jpg\" alt=\"\" width=\"225\" height=\"300\" srcset=\"https:\/\/www.martina-tegtmeier.de\/wp-content\/uploads\/2023\/05\/IMG_20230501_123556-225x300.jpg 225w, https:\/\/www.martina-tegtmeier.de\/wp-content\/uploads\/2023\/05\/IMG_20230501_123556-768x1024.jpg 768w, https:\/\/www.martina-tegtmeier.de\/wp-content\/uploads\/2023\/05\/IMG_20230501_123556-1152x1536.jpg 1152w, https:\/\/www.martina-tegtmeier.de\/wp-content\/uploads\/2023\/05\/IMG_20230501_123556-1536x2048.jpg 1536w, https:\/\/www.martina-tegtmeier.de\/wp-content\/uploads\/2023\/05\/IMG_20230501_123556-scaled.jpg 1920w\" sizes=\"auto, (max-width: 225px) 100vw, 225px\" \/><\/a> <a href=\"https:\/\/www.martina-tegtmeier.de\/wp-content\/uploads\/2023\/05\/Screenshot_20230501_144813.jpg\"><img loading=\"lazy\" decoding=\"async\" class=\"alignnone size-medium wp-image-2237\" src=\"https:\/\/www.martina-tegtmeier.de\/wp-content\/uploads\/2023\/05\/Screenshot_20230501_144813-153x300.jpg\" alt=\"\" width=\"153\" height=\"300\" srcset=\"https:\/\/www.martina-tegtmeier.de\/wp-content\/uploads\/2023\/05\/Screenshot_20230501_144813-153x300.jpg 153w, https:\/\/www.martina-tegtmeier.de\/wp-content\/uploads\/2023\/05\/Screenshot_20230501_144813-522x1024.jpg 522w, https:\/\/www.martina-tegtmeier.de\/wp-content\/uploads\/2023\/05\/Screenshot_20230501_144813-768x1507.jpg 768w, https:\/\/www.martina-tegtmeier.de\/wp-content\/uploads\/2023\/05\/Screenshot_20230501_144813-783x1536.jpg 783w, https:\/\/www.martina-tegtmeier.de\/wp-content\/uploads\/2023\/05\/Screenshot_20230501_144813-1044x2048.jpg 1044w, https:\/\/www.martina-tegtmeier.de\/wp-content\/uploads\/2023\/05\/Screenshot_20230501_144813.jpg 1080w\" sizes=\"auto, (max-width: 153px) 100vw, 153px\" \/><\/a><\/div>\n","protected":false},"excerpt":{"rendered":"<p>Die gr\u00f6\u00dfte Veranstaltung anl\u00e4sslich des 1.Mai (Tag der Arbeit) in meinem Wahlkreis findet jedes Jahr in Warin statt. Hier wird traditionell ein Fest mit Highlights f\u00fcr Gro\u00df und Klein organisiert, an dem ich immer wieder gerne teilnehme. Nach der Er\u00f6ffnungsrede &hellip; <a href=\"https:\/\/www.martina-tegtmeier.de\/?p=2232\">Weiterlesen <span class=\"meta-nav\">&rarr;<\/span><\/a><\/p>\n","protected":false},"author":2,"featured_media":0,"comment_status":"closed","ping_status":"closed","sticky":false,"template":"","format":"standard","meta":{"footnotes":""},"categories":[9],"tags":[],"class_list":["post-2232","post","type-post","status-publish","format-standard","hentry","category-aktivitaeten"],"_links":{"self":[{"href":"https:\/\/www.martina-tegtmeier.de\/index.php?rest_route=\/wp\/v2\/posts\/2232","targetHints":{"allow":["GET"]}}],"collection":[{"href":"https:\/\/www.martina-tegtmeier.de\/index.php?rest_route=\/wp\/v2\/posts"}],"about":[{"href":"https:\/\/www.martina-tegtmeier.de\/index.php?rest_route=\/wp\/v2\/types\/post"}],"author":[{"embeddable":true,"href":"https:\/\/www.martina-tegtmeier.de\/index.php?rest_route=\/wp\/v2\/users\/2"}],"replies":[{"embeddable":true,"href":"https:\/\/www.martina-tegtmeier.de\/index.php?rest_route=%2Fwp%2Fv2%2Fcomments&post=2232"}],"version-history":[{"count":1,"href":"https:\/\/www.martina-tegtmeier.de\/index.php?rest_route=\/wp\/v2\/posts\/2232\/revisions"}],"predecessor-version":[{"id":2238,"href":"https:\/\/www.martina-tegtmeier.de\/index.php?rest_route=\/wp\/v2\/posts\/2232\/revisions\/2238"}],"wp:attachment":[{"href":"https:\/\/www.martina-tegtmeier.de\/index.php?rest_route=%2Fwp%2Fv2%2Fmedia&parent=2232"}],"wp:term":[{"taxonomy":"category","embeddable":true,"href":"https:\/\/www.martina-tegtmeier.de\/index.php?rest_route=%2Fwp%2Fv2%2Fcategories&post=2232"},{"taxonomy":"post_tag","embeddable":true,"href":"https:\/\/www.martina-tegtmeier.de\/index.php?rest_route=%2Fwp%2Fv2%2Ftags&post=2232"}],"curies":[{"name":"wp","href":"https:\/\/api.w.org\/{rel}","templated":true}]}}