{"id":2243,"date":"2023-05-31T12:39:00","date_gmt":"2023-05-31T12:39:00","guid":{"rendered":"https:\/\/www.martina-tegtmeier.de\/?p=2243"},"modified":"2023-05-31T12:39:47","modified_gmt":"2023-05-31T12:39:47","slug":"eroeffnung-des-neuen-verkehrsgarten-in-luebstorf","status":"publish","type":"post","link":"https:\/\/www.martina-tegtmeier.de\/?p=2243","title":{"rendered":"Er\u00f6ffnung des neuen Verkehrsgarten in L\u00fcbstorf"},"content":{"rendered":"<p>Heute war ich zur feierlichen Er\u00f6ffnung des neuen Verkehrsgartens auf dem Gel\u00e4nde vom Hort \u201eSeelichter\u201c in\u00a0<span class=\"hiddenSpellError\">L\u00fcbstorf<\/span>\u00a0eingeladen.<br \/>\nNach einem sehr sch\u00f6n einstudierten Programm der Kinder und den Er\u00f6ffnungsreden durch die Betriebsleiterin Frau Susanne Hacker, dem B\u00fcrgermeister der Gemeinde\u00a0<span class=\"hiddenSpellError\">L\u00fcbstorf<\/span>, Herr Michael\u00a0<span class=\"hiddenSpellError\">Gr\u00e4ning<\/span>, dem Pr\u00e4sidenten der Landesverkehrswacht Herr Hans-Joachim Hacker und durch mich, durfte der Parcours vom Verkehrsgarten, endlich durch die Kinder eingeweiht werden.<br \/>\nIm Anschluss fand noch eine F\u00fchrung durch den neu eingerichteten Hort statt \u2013 an dem dann weitere Vertreter*innen vom Amt\u00a0<span class=\"hiddenSpellError\">L\u00fctzow-L\u00fcbstorf<\/span>, u.a. dem Leitenden Verwaltungsbeamten, Herr Bj\u00f6rn <span class=\"hiddenSpellError\">Kanning<\/span>, teilnahmen.<\/p>\n<p><a href=\"https:\/\/www.martina-tegtmeier.de\/wp-content\/uploads\/2023\/05\/IMG_20230531_111247-scaled.jpg\"><img loading=\"lazy\" decoding=\"async\" class=\"alignnone size-medium wp-image-2244\" src=\"https:\/\/www.martina-tegtmeier.de\/wp-content\/uploads\/2023\/05\/IMG_20230531_111247-300x225.jpg\" alt=\"\" width=\"300\" height=\"225\" srcset=\"https:\/\/www.martina-tegtmeier.de\/wp-content\/uploads\/2023\/05\/IMG_20230531_111247-300x225.jpg 300w, https:\/\/www.martina-tegtmeier.de\/wp-content\/uploads\/2023\/05\/IMG_20230531_111247-1024x768.jpg 1024w, https:\/\/www.martina-tegtmeier.de\/wp-content\/uploads\/2023\/05\/IMG_20230531_111247-768x576.jpg 768w, https:\/\/www.martina-tegtmeier.de\/wp-content\/uploads\/2023\/05\/IMG_20230531_111247-1536x1152.jpg 1536w, https:\/\/www.martina-tegtmeier.de\/wp-content\/uploads\/2023\/05\/IMG_20230531_111247-2048x1536.jpg 2048w\" sizes=\"auto, (max-width: 300px) 100vw, 300px\" \/><\/a> <a href=\"https:\/\/www.martina-tegtmeier.de\/wp-content\/uploads\/2023\/05\/IMG_20230531_100737-scaled.jpg\"><img loading=\"lazy\" decoding=\"async\" class=\"alignnone size-medium wp-image-2245\" src=\"https:\/\/www.martina-tegtmeier.de\/wp-content\/uploads\/2023\/05\/IMG_20230531_100737-300x225.jpg\" alt=\"\" width=\"300\" height=\"225\" srcset=\"https:\/\/www.martina-tegtmeier.de\/wp-content\/uploads\/2023\/05\/IMG_20230531_100737-300x225.jpg 300w, https:\/\/www.martina-tegtmeier.de\/wp-content\/uploads\/2023\/05\/IMG_20230531_100737-1024x768.jpg 1024w, https:\/\/www.martina-tegtmeier.de\/wp-content\/uploads\/2023\/05\/IMG_20230531_100737-768x576.jpg 768w, https:\/\/www.martina-tegtmeier.de\/wp-content\/uploads\/2023\/05\/IMG_20230531_100737-1536x1152.jpg 1536w, https:\/\/www.martina-tegtmeier.de\/wp-content\/uploads\/2023\/05\/IMG_20230531_100737-2048x1536.jpg 2048w\" sizes=\"auto, (max-width: 300px) 100vw, 300px\" \/><\/a> <a href=\"https:\/\/www.martina-tegtmeier.de\/wp-content\/uploads\/2023\/05\/IMG_20230531_101119-scaled.jpg\"><img loading=\"lazy\" decoding=\"async\" class=\"alignnone size-medium wp-image-2246\" src=\"https:\/\/www.martina-tegtmeier.de\/wp-content\/uploads\/2023\/05\/IMG_20230531_101119-300x225.jpg\" alt=\"\" width=\"300\" height=\"225\" srcset=\"https:\/\/www.martina-tegtmeier.de\/wp-content\/uploads\/2023\/05\/IMG_20230531_101119-300x225.jpg 300w, https:\/\/www.martina-tegtmeier.de\/wp-content\/uploads\/2023\/05\/IMG_20230531_101119-1024x768.jpg 1024w, https:\/\/www.martina-tegtmeier.de\/wp-content\/uploads\/2023\/05\/IMG_20230531_101119-768x576.jpg 768w, https:\/\/www.martina-tegtmeier.de\/wp-content\/uploads\/2023\/05\/IMG_20230531_101119-1536x1152.jpg 1536w, https:\/\/www.martina-tegtmeier.de\/wp-content\/uploads\/2023\/05\/IMG_20230531_101119-2048x1536.jpg 2048w\" sizes=\"auto, (max-width: 300px) 100vw, 300px\" \/><\/a><\/p>\n","protected":false},"excerpt":{"rendered":"<p>Heute war ich zur feierlichen Er\u00f6ffnung des neuen Verkehrsgartens auf dem Gel\u00e4nde vom Hort \u201eSeelichter\u201c in\u00a0L\u00fcbstorf\u00a0eingeladen. Nach einem sehr sch\u00f6n einstudierten Programm der Kinder und den Er\u00f6ffnungsreden durch die Betriebsleiterin Frau Susanne Hacker, dem B\u00fcrgermeister der Gemeinde\u00a0L\u00fcbstorf, Herr Michael\u00a0Gr\u00e4ning, dem &hellip; <a href=\"https:\/\/www.martina-tegtmeier.de\/?p=2243\">Weiterlesen <span class=\"meta-nav\">&rarr;<\/span><\/a><\/p>\n","protected":false},"author":2,"featured_media":0,"comment_status":"closed","ping_status":"closed","sticky":false,"template":"","format":"standard","meta":{"footnotes":""},"categories":[9],"tags":[],"class_list":["post-2243","post","type-post","status-publish","format-standard","hentry","category-aktivitaeten"],"_links":{"self":[{"href":"https:\/\/www.martina-tegtmeier.de\/index.php?rest_route=\/wp\/v2\/posts\/2243","targetHints":{"allow":["GET"]}}],"collection":[{"href":"https:\/\/www.martina-tegtmeier.de\/index.php?rest_route=\/wp\/v2\/posts"}],"about":[{"href":"https:\/\/www.martina-tegtmeier.de\/index.php?rest_route=\/wp\/v2\/types\/post"}],"author":[{"embeddable":true,"href":"https:\/\/www.martina-tegtmeier.de\/index.php?rest_route=\/wp\/v2\/users\/2"}],"replies":[{"embeddable":true,"href":"https:\/\/www.martina-tegtmeier.de\/index.php?rest_route=%2Fwp%2Fv2%2Fcomments&post=2243"}],"version-history":[{"count":2,"href":"https:\/\/www.martina-tegtmeier.de\/index.php?rest_route=\/wp\/v2\/posts\/2243\/revisions"}],"predecessor-version":[{"id":2248,"href":"https:\/\/www.martina-tegtmeier.de\/index.php?rest_route=\/wp\/v2\/posts\/2243\/revisions\/2248"}],"wp:attachment":[{"href":"https:\/\/www.martina-tegtmeier.de\/index.php?rest_route=%2Fwp%2Fv2%2Fmedia&parent=2243"}],"wp:term":[{"taxonomy":"category","embeddable":true,"href":"https:\/\/www.martina-tegtmeier.de\/index.php?rest_route=%2Fwp%2Fv2%2Fcategories&post=2243"},{"taxonomy":"post_tag","embeddable":true,"href":"https:\/\/www.martina-tegtmeier.de\/index.php?rest_route=%2Fwp%2Fv2%2Ftags&post=2243"}],"curies":[{"name":"wp","href":"https:\/\/api.w.org\/{rel}","templated":true}]}}