{"id":2257,"date":"2023-07-12T05:33:51","date_gmt":"2023-07-12T05:33:51","guid":{"rendered":"https:\/\/www.martina-tegtmeier.de\/?p=2257"},"modified":"2023-07-13T05:36:04","modified_gmt":"2023-07-13T05:36:04","slug":"solidaritaetsbereitschaft-verdient-anerkennung-pressemitteilung-vom-12-7-2023","status":"publish","type":"post","link":"https:\/\/www.martina-tegtmeier.de\/?p=2257","title":{"rendered":"Solidarit\u00e4tsbereitschaft verdient Anerkennung \/ Pressemitteilung vom 12.7.2023"},"content":{"rendered":"<h1>Solidarit\u00e4tsbereitschaft verdient Anerkennung<\/h1>\n<div class=\"itemBody\">\n<div class=\"itemTeaserText\">Der Landtag hat heute einen Antrag der Koalitionsfraktionen zur Umsetzung des 20-Millionen-Euro-B\u00fcrgerprogramms f\u00fcr Gemeinden mit Erstaufnahmeeinrichtungen und Gemeinschaftsunterk\u00fcnften beschlossen. Dies ist ein wichtiges und richtiges Signal, findet Martina Tegtmeier, kommunalpolitische Sprecherin der SPD-Landtagsfraktion:<\/div>\n<div class=\"itemFullText\">\n<p>\u201eDem Eindruck, der Staat w\u00fcrde viel mehr f\u00fcr Fl\u00fcchtlinge als f\u00fcr die eigene Bev\u00f6lkerung tun, m\u00fcssen wir entschieden entgegentreten. Mit dem vorliegenden Programm, mit dem Kommunen mit Erstaufnahmeeinrichtungen und Gemeinschaftsunterk\u00fcnften vom Land b\u00fcrokratiearm Geld f\u00fcr Investitionen in ihren Gemeinden erhalten k\u00f6nnen, setzen wir ein klares Zeichen, dass dies \u2013 wie auch so viele andere Falschinformationen von Rechtspopulisten \u2013 schlicht und ergreifend falsch ist.<\/p>\n<p>Mit dem 20-Millionen-B\u00fcrgerprogramm unterst\u00fctzen wir Investitionen in Infrastruktur f\u00fcr alle Einwohnerinnen und Einwohner in Gemeinden, die durch Gemeinschaftsunterk\u00fcnfte und Erstaufnahme Verantwortung tragen. Dies sind zum Beispiel ein erh\u00f6hter Bedarf an Sport- und Spielpl\u00e4tzen, die Einrichtung zus\u00e4tzlicher Schul- und Hortpl\u00e4tze oder andere pflichtige infrastrukturelle Aufgaben, wie die Stra\u00dfen- und Wegeert\u00fcchtigung oder die Verbesserung von Verkehrsanbindungen. Das besondere Engagement dieser St\u00e4dte und Gemeinden und deren Solidarit\u00e4tsbereitschaft verdient, \u00fcber die \u00fcblichen Finanzbeziehungen hinaus honoriert zu werden.<\/p>\n<p>Auch wir sind uns im Klaren dar\u00fcber, dass jeder Schutz, jede Unterbringung und Integration konkret vor Ort auch machbar sein, geleistet werden und gelingen muss. Hierf\u00fcr schaffen wir ganz gezielt die Rahmenbedingungen. Neben Bayern ist Mecklenburg-Vorpommern das einzige Land, das den Kommunen heute schon 100 Prozent der Kosten f\u00fcr die Fl\u00fcchtlingsunterbringung erstattet. Und das reiht sich ein in unsere Bem\u00fchungen, unsere Gemeinden eben nicht im Regen stehen zu lassen, sondern sie, wo es eben geht und m\u00f6glich ist, zu unterst\u00fctzen. Zwischenzeitlich haben wir uns bspw. ganz kurzfristig um die Ert\u00fcchtigung von Wohnraum f\u00fcr vor Ort gek\u00fcmmert. F\u00fcr uns hei\u00dft: \u201aJa, wir schaffen das\u2018 auch immer \u201aJa, wir machen das und k\u00fcmmern uns konkret um L\u00f6sungen\u2018.\u201c<\/p>\n<\/div>\n<\/div>\n","protected":false},"excerpt":{"rendered":"<p>Solidarit\u00e4tsbereitschaft verdient Anerkennung Der Landtag hat heute einen Antrag der Koalitionsfraktionen zur Umsetzung des 20-Millionen-Euro-B\u00fcrgerprogramms f\u00fcr Gemeinden mit Erstaufnahmeeinrichtungen und Gemeinschaftsunterk\u00fcnften beschlossen. Dies ist ein wichtiges und richtiges Signal, findet Martina Tegtmeier, kommunalpolitische Sprecherin der SPD-Landtagsfraktion: \u201eDem Eindruck, der Staat &hellip; <a href=\"https:\/\/www.martina-tegtmeier.de\/?p=2257\">Weiterlesen <span class=\"meta-nav\">&rarr;<\/span><\/a><\/p>\n","protected":false},"author":2,"featured_media":0,"comment_status":"closed","ping_status":"closed","sticky":false,"template":"","format":"standard","meta":{"footnotes":""},"categories":[8],"tags":[],"class_list":["post-2257","post","type-post","status-publish","format-standard","hentry","category-aktuelles"],"_links":{"self":[{"href":"https:\/\/www.martina-tegtmeier.de\/index.php?rest_route=\/wp\/v2\/posts\/2257","targetHints":{"allow":["GET"]}}],"collection":[{"href":"https:\/\/www.martina-tegtmeier.de\/index.php?rest_route=\/wp\/v2\/posts"}],"about":[{"href":"https:\/\/www.martina-tegtmeier.de\/index.php?rest_route=\/wp\/v2\/types\/post"}],"author":[{"embeddable":true,"href":"https:\/\/www.martina-tegtmeier.de\/index.php?rest_route=\/wp\/v2\/users\/2"}],"replies":[{"embeddable":true,"href":"https:\/\/www.martina-tegtmeier.de\/index.php?rest_route=%2Fwp%2Fv2%2Fcomments&post=2257"}],"version-history":[{"count":1,"href":"https:\/\/www.martina-tegtmeier.de\/index.php?rest_route=\/wp\/v2\/posts\/2257\/revisions"}],"predecessor-version":[{"id":2258,"href":"https:\/\/www.martina-tegtmeier.de\/index.php?rest_route=\/wp\/v2\/posts\/2257\/revisions\/2258"}],"wp:attachment":[{"href":"https:\/\/www.martina-tegtmeier.de\/index.php?rest_route=%2Fwp%2Fv2%2Fmedia&parent=2257"}],"wp:term":[{"taxonomy":"category","embeddable":true,"href":"https:\/\/www.martina-tegtmeier.de\/index.php?rest_route=%2Fwp%2Fv2%2Fcategories&post=2257"},{"taxonomy":"post_tag","embeddable":true,"href":"https:\/\/www.martina-tegtmeier.de\/index.php?rest_route=%2Fwp%2Fv2%2Ftags&post=2257"}],"curies":[{"name":"wp","href":"https:\/\/api.w.org\/{rel}","templated":true}]}}