{"id":2259,"date":"2023-07-12T05:37:04","date_gmt":"2023-07-12T05:37:04","guid":{"rendered":"https:\/\/www.martina-tegtmeier.de\/?p=2259"},"modified":"2023-11-25T10:11:27","modified_gmt":"2023-11-25T10:11:27","slug":"mitarbeiter-und-mitarbeiterinnen-des-amtes-gadebusch-zu-besuch-im-landtag","status":"publish","type":"post","link":"https:\/\/www.martina-tegtmeier.de\/?p=2259","title":{"rendered":"Mitarbeiter und Mitarbeiterinnen des Amtes Gadebusch zu Besuch im Landtag"},"content":{"rendered":"<p>Heute durfte ich Mitarbeiterinnen und Mitarbeiter vom Amt Gadebusch, auf meine Einladung hin, im Landtag begr\u00fc\u00dfen. Vielen Dank f\u00fcr den regen Erfahrungsaustausch und die Ideen f\u00fcr meine weitere Arbeit!<\/p>\n<p><a href=\"https:\/\/www.martina-tegtmeier.de\/wp-content\/uploads\/2023\/07\/IMG_20230712_130808-scaled.jpg\"><img loading=\"lazy\" decoding=\"async\" class=\"alignnone size-medium wp-image-2261\" src=\"https:\/\/www.martina-tegtmeier.de\/wp-content\/uploads\/2023\/07\/IMG_20230712_130808-225x300.jpg\" alt=\"\" width=\"225\" height=\"300\" srcset=\"https:\/\/www.martina-tegtmeier.de\/wp-content\/uploads\/2023\/07\/IMG_20230712_130808-225x300.jpg 225w, https:\/\/www.martina-tegtmeier.de\/wp-content\/uploads\/2023\/07\/IMG_20230712_130808-768x1024.jpg 768w, https:\/\/www.martina-tegtmeier.de\/wp-content\/uploads\/2023\/07\/IMG_20230712_130808-1152x1536.jpg 1152w, https:\/\/www.martina-tegtmeier.de\/wp-content\/uploads\/2023\/07\/IMG_20230712_130808-1536x2048.jpg 1536w, https:\/\/www.martina-tegtmeier.de\/wp-content\/uploads\/2023\/07\/IMG_20230712_130808-scaled.jpg 1920w\" sizes=\"auto, (max-width: 225px) 100vw, 225px\" \/><\/a>\u00a0 <a href=\"https:\/\/www.martina-tegtmeier.de\/wp-content\/uploads\/2023\/07\/IMG_20230712_140034-scaled.jpg\"><img loading=\"lazy\" decoding=\"async\" class=\"alignnone size-medium wp-image-2262\" src=\"https:\/\/www.martina-tegtmeier.de\/wp-content\/uploads\/2023\/07\/IMG_20230712_140034-300x225.jpg\" alt=\"\" width=\"300\" height=\"225\" srcset=\"https:\/\/www.martina-tegtmeier.de\/wp-content\/uploads\/2023\/07\/IMG_20230712_140034-300x225.jpg 300w, https:\/\/www.martina-tegtmeier.de\/wp-content\/uploads\/2023\/07\/IMG_20230712_140034-1024x768.jpg 1024w, https:\/\/www.martina-tegtmeier.de\/wp-content\/uploads\/2023\/07\/IMG_20230712_140034-768x576.jpg 768w, https:\/\/www.martina-tegtmeier.de\/wp-content\/uploads\/2023\/07\/IMG_20230712_140034-1536x1152.jpg 1536w, https:\/\/www.martina-tegtmeier.de\/wp-content\/uploads\/2023\/07\/IMG_20230712_140034-2048x1536.jpg 2048w\" sizes=\"auto, (max-width: 300px) 100vw, 300px\" \/><\/a><\/p>\n","protected":false},"excerpt":{"rendered":"<p>Heute durfte ich Mitarbeiterinnen und Mitarbeiter vom Amt Gadebusch, auf meine Einladung hin, im Landtag begr\u00fc\u00dfen. Vielen Dank f\u00fcr den regen Erfahrungsaustausch und die Ideen f\u00fcr meine weitere Arbeit! \u00a0<\/p>\n","protected":false},"author":2,"featured_media":0,"comment_status":"closed","ping_status":"closed","sticky":false,"template":"","format":"standard","meta":{"footnotes":""},"categories":[9],"tags":[],"class_list":["post-2259","post","type-post","status-publish","format-standard","hentry","category-aktivitaeten"],"_links":{"self":[{"href":"https:\/\/www.martina-tegtmeier.de\/index.php?rest_route=\/wp\/v2\/posts\/2259","targetHints":{"allow":["GET"]}}],"collection":[{"href":"https:\/\/www.martina-tegtmeier.de\/index.php?rest_route=\/wp\/v2\/posts"}],"about":[{"href":"https:\/\/www.martina-tegtmeier.de\/index.php?rest_route=\/wp\/v2\/types\/post"}],"author":[{"embeddable":true,"href":"https:\/\/www.martina-tegtmeier.de\/index.php?rest_route=\/wp\/v2\/users\/2"}],"replies":[{"embeddable":true,"href":"https:\/\/www.martina-tegtmeier.de\/index.php?rest_route=%2Fwp%2Fv2%2Fcomments&post=2259"}],"version-history":[{"count":2,"href":"https:\/\/www.martina-tegtmeier.de\/index.php?rest_route=\/wp\/v2\/posts\/2259\/revisions"}],"predecessor-version":[{"id":2289,"href":"https:\/\/www.martina-tegtmeier.de\/index.php?rest_route=\/wp\/v2\/posts\/2259\/revisions\/2289"}],"wp:attachment":[{"href":"https:\/\/www.martina-tegtmeier.de\/index.php?rest_route=%2Fwp%2Fv2%2Fmedia&parent=2259"}],"wp:term":[{"taxonomy":"category","embeddable":true,"href":"https:\/\/www.martina-tegtmeier.de\/index.php?rest_route=%2Fwp%2Fv2%2Fcategories&post=2259"},{"taxonomy":"post_tag","embeddable":true,"href":"https:\/\/www.martina-tegtmeier.de\/index.php?rest_route=%2Fwp%2Fv2%2Ftags&post=2259"}],"curies":[{"name":"wp","href":"https:\/\/api.w.org\/{rel}","templated":true}]}}