{"id":2265,"date":"2023-08-08T05:46:08","date_gmt":"2023-08-08T05:46:08","guid":{"rendered":"https:\/\/www.martina-tegtmeier.de\/?p=2265"},"modified":"2023-08-22T05:53:17","modified_gmt":"2023-08-22T05:53:17","slug":"brillen-spenden-sehen-schenken-vielen-dank-fuer-die-vielen-gespendeten-brillen","status":"publish","type":"post","link":"https:\/\/www.martina-tegtmeier.de\/?p=2265","title":{"rendered":"Brillen spenden &#8211; Sehen schenken. Vielen Dank f\u00fcr die vielen gespendeten Brillen!"},"content":{"rendered":"<div class=\"xdj266r x11i5rnm xat24cr x1mh8g0r x1vvkbs x126k92a\">\n<div dir=\"auto\">Brille spenden \u2013 Sehen schenken<\/div>\n<div dir=\"auto\">Unter diesem Motto haben wir wieder nicht mehr ben\u00f6tigte Brillen in meinem Wahlkreis eingesammelt.<\/div>\n<div dir=\"auto\">Insgesamt kamen in Neukloster, Warin, Bad Kleinen und Gadebusch 571 Brillen zusammen.<\/div>\n<div dir=\"auto\">Diese werden jetzt nach Koblenz geschickt, wo sie gepr\u00fcft und dann in die Dritte &#8211; Welt -L\u00e4nder verschickt werden.<\/div>\n<div dir=\"auto\">Vielen Dank an alle B\u00fcrgerinnen und B\u00fcrger, die diese Aktion unterst\u00fctzten!<\/div>\n<\/div>\n<div class=\"x11i5rnm xat24cr x1mh8g0r x1vvkbs xtlvy1s x126k92a\">\n<div dir=\"auto\"><a class=\"x1i10hfl xjbqb8w x6umtig x1b1mbwd xaqea5y xav7gou x9f619 x1ypdohk xt0psk2 xe8uvvx xdj266r x11i5rnm xat24cr x1mh8g0r xexx8yu x4uap5 x18d9i69 xkhd6sd x16tdsg8 x1hl2dhg xggy1nq x1a2a7pz xt0b8zv x1fey0fg\" role=\"link\" href=\"http:\/\/www.brillenweltweit.de\/?fbclid=IwAR2OHN16c-0WR918hzKc2qD9ge1_Pi_ejGBv4py3TX41YrbW1dxKVevRPBk\" target=\"_blank\" rel=\"nofollow noopener\">www.brillenweltweit.de<\/a><\/div>\n<\/div>\n<div dir=\"auto\"><\/div>\n<div dir=\"auto\"><a href=\"https:\/\/www.martina-tegtmeier.de\/wp-content\/uploads\/2023\/08\/Brillen-Spende-scaled.jpg\"><img loading=\"lazy\" decoding=\"async\" class=\"alignnone size-medium wp-image-2270\" src=\"https:\/\/www.martina-tegtmeier.de\/wp-content\/uploads\/2023\/08\/Brillen-Spende-225x300.jpg\" alt=\"\" width=\"225\" height=\"300\" srcset=\"https:\/\/www.martina-tegtmeier.de\/wp-content\/uploads\/2023\/08\/Brillen-Spende-225x300.jpg 225w, https:\/\/www.martina-tegtmeier.de\/wp-content\/uploads\/2023\/08\/Brillen-Spende-768x1024.jpg 768w, https:\/\/www.martina-tegtmeier.de\/wp-content\/uploads\/2023\/08\/Brillen-Spende-1152x1536.jpg 1152w, https:\/\/www.martina-tegtmeier.de\/wp-content\/uploads\/2023\/08\/Brillen-Spende-1536x2048.jpg 1536w, https:\/\/www.martina-tegtmeier.de\/wp-content\/uploads\/2023\/08\/Brillen-Spende-scaled.jpg 1920w\" sizes=\"auto, (max-width: 225px) 100vw, 225px\" \/><\/a><\/div>\n","protected":false},"excerpt":{"rendered":"<p>Brille spenden \u2013 Sehen schenken Unter diesem Motto haben wir wieder nicht mehr ben\u00f6tigte Brillen in meinem Wahlkreis eingesammelt. Insgesamt kamen in Neukloster, Warin, Bad Kleinen und Gadebusch 571 Brillen zusammen. Diese werden jetzt nach Koblenz geschickt, wo sie gepr\u00fcft &hellip; <a href=\"https:\/\/www.martina-tegtmeier.de\/?p=2265\">Weiterlesen <span class=\"meta-nav\">&rarr;<\/span><\/a><\/p>\n","protected":false},"author":2,"featured_media":0,"comment_status":"closed","ping_status":"closed","sticky":false,"template":"","format":"standard","meta":{"footnotes":""},"categories":[9],"tags":[],"class_list":["post-2265","post","type-post","status-publish","format-standard","hentry","category-aktivitaeten"],"_links":{"self":[{"href":"https:\/\/www.martina-tegtmeier.de\/index.php?rest_route=\/wp\/v2\/posts\/2265","targetHints":{"allow":["GET"]}}],"collection":[{"href":"https:\/\/www.martina-tegtmeier.de\/index.php?rest_route=\/wp\/v2\/posts"}],"about":[{"href":"https:\/\/www.martina-tegtmeier.de\/index.php?rest_route=\/wp\/v2\/types\/post"}],"author":[{"embeddable":true,"href":"https:\/\/www.martina-tegtmeier.de\/index.php?rest_route=\/wp\/v2\/users\/2"}],"replies":[{"embeddable":true,"href":"https:\/\/www.martina-tegtmeier.de\/index.php?rest_route=%2Fwp%2Fv2%2Fcomments&post=2265"}],"version-history":[{"count":1,"href":"https:\/\/www.martina-tegtmeier.de\/index.php?rest_route=\/wp\/v2\/posts\/2265\/revisions"}],"predecessor-version":[{"id":2271,"href":"https:\/\/www.martina-tegtmeier.de\/index.php?rest_route=\/wp\/v2\/posts\/2265\/revisions\/2271"}],"wp:attachment":[{"href":"https:\/\/www.martina-tegtmeier.de\/index.php?rest_route=%2Fwp%2Fv2%2Fmedia&parent=2265"}],"wp:term":[{"taxonomy":"category","embeddable":true,"href":"https:\/\/www.martina-tegtmeier.de\/index.php?rest_route=%2Fwp%2Fv2%2Fcategories&post=2265"},{"taxonomy":"post_tag","embeddable":true,"href":"https:\/\/www.martina-tegtmeier.de\/index.php?rest_route=%2Fwp%2Fv2%2Ftags&post=2265"}],"curies":[{"name":"wp","href":"https:\/\/api.w.org\/{rel}","templated":true}]}}