{"id":2272,"date":"2023-08-09T05:54:12","date_gmt":"2023-08-09T05:54:12","guid":{"rendered":"https:\/\/www.martina-tegtmeier.de\/?p=2272"},"modified":"2023-08-22T05:56:03","modified_gmt":"2023-08-22T05:56:03","slug":"tag-der-ersten-hilfe-am-2-september-in-gadebusch-kommen-sie-vorbei","status":"publish","type":"post","link":"https:\/\/www.martina-tegtmeier.de\/?p=2272","title":{"rendered":"Tag der Ersten Hilfe am 2.September in Gadebusch &#8211; Kommen Sie vorbei!"},"content":{"rendered":"<div dir=\"auto\">In diesem Jahr wird der Tag der Ersten Hilfe am 8.September begangen. Bereits am 2.September von 9-12.00 Uhr kann man seine Fertigkeiten und F\u00e4higkeiten &#8211; unter professioneller Anleitung von zwei ehrenamtlich t\u00e4tigen DRK Mitarbeitern, auffrischen.<\/div>\n<div dir=\"auto\">Wie gewohnt in meinem B\u00fcrgerb\u00fcro in der Wollbr\u00fcgger Str.8 in Gadebusch.<\/div>\n<div dir=\"auto\">Der WEISSE RING e.V. Au\u00dfenstelle Nordwestmecklenburg wird auch mit einem Stand vor Ort sein.<\/div>\n<div dir=\"auto\"><a href=\"https:\/\/www.martina-tegtmeier.de\/wp-content\/uploads\/2023\/08\/368018269_2765461276946719_1347289289005098660_n.jpg\"><img loading=\"lazy\" decoding=\"async\" class=\"alignnone size-medium wp-image-2266\" src=\"https:\/\/www.martina-tegtmeier.de\/wp-content\/uploads\/2023\/08\/368018269_2765461276946719_1347289289005098660_n-225x300.jpg\" alt=\"\" width=\"225\" height=\"300\" srcset=\"https:\/\/www.martina-tegtmeier.de\/wp-content\/uploads\/2023\/08\/368018269_2765461276946719_1347289289005098660_n-225x300.jpg 225w, https:\/\/www.martina-tegtmeier.de\/wp-content\/uploads\/2023\/08\/368018269_2765461276946719_1347289289005098660_n-768x1024.jpg 768w, https:\/\/www.martina-tegtmeier.de\/wp-content\/uploads\/2023\/08\/368018269_2765461276946719_1347289289005098660_n.jpg 1080w\" sizes=\"auto, (max-width: 225px) 100vw, 225px\" \/><\/a><\/div>\n","protected":false},"excerpt":{"rendered":"<p>In diesem Jahr wird der Tag der Ersten Hilfe am 8.September begangen. Bereits am 2.September von 9-12.00 Uhr kann man seine Fertigkeiten und F\u00e4higkeiten &#8211; unter professioneller Anleitung von zwei ehrenamtlich t\u00e4tigen DRK Mitarbeitern, auffrischen. Wie gewohnt in meinem B\u00fcrgerb\u00fcro &hellip; <a href=\"https:\/\/www.martina-tegtmeier.de\/?p=2272\">Weiterlesen <span class=\"meta-nav\">&rarr;<\/span><\/a><\/p>\n","protected":false},"author":2,"featured_media":0,"comment_status":"closed","ping_status":"closed","sticky":false,"template":"","format":"standard","meta":{"footnotes":""},"categories":[9],"tags":[],"class_list":["post-2272","post","type-post","status-publish","format-standard","hentry","category-aktivitaeten"],"_links":{"self":[{"href":"https:\/\/www.martina-tegtmeier.de\/index.php?rest_route=\/wp\/v2\/posts\/2272","targetHints":{"allow":["GET"]}}],"collection":[{"href":"https:\/\/www.martina-tegtmeier.de\/index.php?rest_route=\/wp\/v2\/posts"}],"about":[{"href":"https:\/\/www.martina-tegtmeier.de\/index.php?rest_route=\/wp\/v2\/types\/post"}],"author":[{"embeddable":true,"href":"https:\/\/www.martina-tegtmeier.de\/index.php?rest_route=\/wp\/v2\/users\/2"}],"replies":[{"embeddable":true,"href":"https:\/\/www.martina-tegtmeier.de\/index.php?rest_route=%2Fwp%2Fv2%2Fcomments&post=2272"}],"version-history":[{"count":1,"href":"https:\/\/www.martina-tegtmeier.de\/index.php?rest_route=\/wp\/v2\/posts\/2272\/revisions"}],"predecessor-version":[{"id":2273,"href":"https:\/\/www.martina-tegtmeier.de\/index.php?rest_route=\/wp\/v2\/posts\/2272\/revisions\/2273"}],"wp:attachment":[{"href":"https:\/\/www.martina-tegtmeier.de\/index.php?rest_route=%2Fwp%2Fv2%2Fmedia&parent=2272"}],"wp:term":[{"taxonomy":"category","embeddable":true,"href":"https:\/\/www.martina-tegtmeier.de\/index.php?rest_route=%2Fwp%2Fv2%2Fcategories&post=2272"},{"taxonomy":"post_tag","embeddable":true,"href":"https:\/\/www.martina-tegtmeier.de\/index.php?rest_route=%2Fwp%2Fv2%2Ftags&post=2272"}],"curies":[{"name":"wp","href":"https:\/\/api.w.org\/{rel}","templated":true}]}}