{"id":2275,"date":"2023-09-07T05:49:15","date_gmt":"2023-09-07T05:49:15","guid":{"rendered":"https:\/\/www.martina-tegtmeier.de\/?p=2275"},"modified":"2023-09-08T05:53:11","modified_gmt":"2023-09-08T05:53:11","slug":"ein-guter-verfassungsschutz-muss-an-sich-selbst-immer-die-hoechsten-ansprueche-stellen-meine-pressemitteilung-vom-7-9-2023","status":"publish","type":"post","link":"https:\/\/www.martina-tegtmeier.de\/?p=2275","title":{"rendered":"\u00a0Ein guter Verfassungsschutz muss an sich selbst immer die h\u00f6chsten Anspr\u00fcche stellen &#8211; meine Pressemitteilung vom 7.9.2023"},"content":{"rendered":"<p><strong>\u00a0<\/strong>Innenminister Christian Pegel (SPD) hat heute den Bericht des Sonderbeauftragten f\u00fcr den Verfassungsschutzes im Land vorgelegt. Hierzu erkl\u00e4rt Martina Tegtmeier, innenpolitische Sprecherin der SPD-Landtagsfraktion:<\/p>\n<p>\u201eWer die Verfassung sch\u00fctzen soll, dem muss man vertrauen k\u00f6nnen. Insofern ist der heute vorgelegte Bericht des Sonderbeauftragen f\u00fcr den Verfassungsschutz ein gutes Signal f\u00fcr Vertrauen. Strukturelles Versagen des Verfassungsschutzes wurde nicht festgestellt. Fehler auf Ebene von Einzelpersonen werden stringent aufgearbeitet. Die Umsetzung der Empfehlungen der Expertenkommission aus der letzten Legislaturperiode wird vorangetrieben. Der notwendige Stellenaufwuchs beim Verfassungsschutz hilft dabei, der gestiegenen Zahl von Gefahren f\u00fcr unsere Verfassung und unsere freiheitlich-demokratische Grundordnung Herr zu werden. Denn schlie\u00dflich soll unsere Landesverfassung auch weitere 30 Jahre Bestand haben und ein freies und friedliches Miteinander aller Menschen in unserem sch\u00f6nen Bundesland garantieren.<\/p>\n<p>Bernhard Witthaut als Sonderbeauftragtem gilt unser Dank. Er hat in vergleichsweise kurzer Zeit mit Sachverstand und Erfahrung den Umbau des Verfassungsschutzes zu einem modernen und transparenten Dienst auf den Weg gebracht hat.<\/p>\n<p>Ein guter Verfassungsschutz muss an sich selbst immer die h\u00f6chsten Anspr\u00fcche stellen. Blindheit, egal auf welchem Auge, kann sich unsere Demokratie nicht erlauben. Vor allem nicht auf dem rechten. Denn Rechtsextremismus und Antidemokrat*innen aus dem rechten Lager sind mit Abstand die gr\u00f6\u00dfte Bedrohung einer freiheitlich-demokratischen Grundordnung in MV.<\/p>\n<p>Insofern ist die Nebelkerze der AfD-Landtagsfraktion verst\u00e4ndlich, die heute einmal mehr faktenbefreit mutma\u00dfte, ob nicht der Verfassungsschutz am Hissen einer Hakenkreuzfahne in Neubrandenburg beteiligt gewesen w\u00e4re. Die eigentliche Angst der AfD ist aber, dass sie nicht wei\u00df, ob und wer in ihren Reihen f\u00fcr den Verfassungsschutz arbeitet. Ob und welche Informationen aus geschlossenen Zirkeln eventuell das Licht der \u00d6ffentlichkeit erblicken k\u00f6nnten. Die eigentliche Frage ist also, warum die AfD so viel Angst vor dem Verfassungsschutz hat? Was hat die AfD zu verbergen, dass nicht das Licht der \u00d6ffentlichkeit erblicken soll?\u201c<\/p>\n<p><strong>\u00a0<\/strong><\/p>\n<p>&nbsp;<\/p>\n<div class=\"itemBody\">\n<div class=\"itemFullText\">\n<p>&nbsp;<\/p>\n<\/div>\n<\/div>\n","protected":false},"excerpt":{"rendered":"<p>\u00a0Innenminister Christian Pegel (SPD) hat heute den Bericht des Sonderbeauftragten f\u00fcr den Verfassungsschutzes im Land vorgelegt. Hierzu erkl\u00e4rt Martina Tegtmeier, innenpolitische Sprecherin der SPD-Landtagsfraktion: \u201eWer die Verfassung sch\u00fctzen soll, dem muss man vertrauen k\u00f6nnen. Insofern ist der heute vorgelegte Bericht &hellip; <a href=\"https:\/\/www.martina-tegtmeier.de\/?p=2275\">Weiterlesen <span class=\"meta-nav\">&rarr;<\/span><\/a><\/p>\n","protected":false},"author":2,"featured_media":0,"comment_status":"closed","ping_status":"closed","sticky":false,"template":"","format":"standard","meta":{"footnotes":""},"categories":[8],"tags":[],"class_list":["post-2275","post","type-post","status-publish","format-standard","hentry","category-aktuelles"],"_links":{"self":[{"href":"https:\/\/www.martina-tegtmeier.de\/index.php?rest_route=\/wp\/v2\/posts\/2275","targetHints":{"allow":["GET"]}}],"collection":[{"href":"https:\/\/www.martina-tegtmeier.de\/index.php?rest_route=\/wp\/v2\/posts"}],"about":[{"href":"https:\/\/www.martina-tegtmeier.de\/index.php?rest_route=\/wp\/v2\/types\/post"}],"author":[{"embeddable":true,"href":"https:\/\/www.martina-tegtmeier.de\/index.php?rest_route=\/wp\/v2\/users\/2"}],"replies":[{"embeddable":true,"href":"https:\/\/www.martina-tegtmeier.de\/index.php?rest_route=%2Fwp%2Fv2%2Fcomments&post=2275"}],"version-history":[{"count":1,"href":"https:\/\/www.martina-tegtmeier.de\/index.php?rest_route=\/wp\/v2\/posts\/2275\/revisions"}],"predecessor-version":[{"id":2276,"href":"https:\/\/www.martina-tegtmeier.de\/index.php?rest_route=\/wp\/v2\/posts\/2275\/revisions\/2276"}],"wp:attachment":[{"href":"https:\/\/www.martina-tegtmeier.de\/index.php?rest_route=%2Fwp%2Fv2%2Fmedia&parent=2275"}],"wp:term":[{"taxonomy":"category","embeddable":true,"href":"https:\/\/www.martina-tegtmeier.de\/index.php?rest_route=%2Fwp%2Fv2%2Fcategories&post=2275"},{"taxonomy":"post_tag","embeddable":true,"href":"https:\/\/www.martina-tegtmeier.de\/index.php?rest_route=%2Fwp%2Fv2%2Ftags&post=2275"}],"curies":[{"name":"wp","href":"https:\/\/api.w.org\/{rel}","templated":true}]}}