{"id":2279,"date":"2023-09-19T05:47:34","date_gmt":"2023-09-19T05:47:34","guid":{"rendered":"https:\/\/www.martina-tegtmeier.de\/?p=2279"},"modified":"2023-09-19T05:48:31","modified_gmt":"2023-09-19T05:48:31","slug":"foerdermitteluebergabe-fuer-das-schloss-in-gadebusch","status":"publish","type":"post","link":"https:\/\/www.martina-tegtmeier.de\/?p=2279","title":{"rendered":"F\u00f6rdermittel\u00fcbergabe f\u00fcr das Schloss in Gadebusch"},"content":{"rendered":"<p>Der Minister f\u00fcr Inneres, Bau und Digitalisierung Christian Pegel \u00fcbergab gestern einen Zuwendungsbescheid f\u00fcr die Sanierung der Remise des Schlosses Gadebusch an B\u00fcrgermeister Arne Schlien, in H\u00f6he von 1.572.724,47 Euro.<\/p>\n<p>Es ist eine Zuwendung des Landes Mecklenburg-Vorpommern zur F\u00f6rderung der nachhaltigen l\u00e4ndlichen Entwicklung, Wiedernutzbarmachung devastierter Fl\u00e4chen und Rekultivierung von Deponien mit Mitteln des \u201eEurop\u00e4ischen Landwirtschaftsfonds f\u00fcr die Entwicklung des l\u00e4ndlichen Raums\u201c (ELER) gem\u00e4\u00df der LEFD-Richtlinie Mecklenburg-Vorpommern.<\/p>\n<p>Die Er\u00f6ffnung ist f\u00fcr das Jahr 2025 geplant und soll dann als eigenst\u00e4ndige Geb\u00e4udeeinheit des Schlossensembles f\u00fcr Veranstaltungen genutzt werden.<\/p>\n<p><a href=\"https:\/\/www.martina-tegtmeier.de\/wp-content\/uploads\/2023\/09\/IMG_20230918_162232-scaled.jpg\"><img loading=\"lazy\" decoding=\"async\" class=\"alignnone size-medium wp-image-2280\" src=\"https:\/\/www.martina-tegtmeier.de\/wp-content\/uploads\/2023\/09\/IMG_20230918_162232-300x225.jpg\" alt=\"\" width=\"300\" height=\"225\" srcset=\"https:\/\/www.martina-tegtmeier.de\/wp-content\/uploads\/2023\/09\/IMG_20230918_162232-300x225.jpg 300w, https:\/\/www.martina-tegtmeier.de\/wp-content\/uploads\/2023\/09\/IMG_20230918_162232-1024x768.jpg 1024w, https:\/\/www.martina-tegtmeier.de\/wp-content\/uploads\/2023\/09\/IMG_20230918_162232-768x576.jpg 768w, https:\/\/www.martina-tegtmeier.de\/wp-content\/uploads\/2023\/09\/IMG_20230918_162232-1536x1152.jpg 1536w, https:\/\/www.martina-tegtmeier.de\/wp-content\/uploads\/2023\/09\/IMG_20230918_162232-2048x1536.jpg 2048w\" sizes=\"auto, (max-width: 300px) 100vw, 300px\" \/><\/a><\/p>\n","protected":false},"excerpt":{"rendered":"<p>Der Minister f\u00fcr Inneres, Bau und Digitalisierung Christian Pegel \u00fcbergab gestern einen Zuwendungsbescheid f\u00fcr die Sanierung der Remise des Schlosses Gadebusch an B\u00fcrgermeister Arne Schlien, in H\u00f6he von 1.572.724,47 Euro. Es ist eine Zuwendung des Landes Mecklenburg-Vorpommern zur F\u00f6rderung der &hellip; <a href=\"https:\/\/www.martina-tegtmeier.de\/?p=2279\">Weiterlesen <span class=\"meta-nav\">&rarr;<\/span><\/a><\/p>\n","protected":false},"author":2,"featured_media":0,"comment_status":"closed","ping_status":"closed","sticky":false,"template":"","format":"standard","meta":{"footnotes":""},"categories":[9],"tags":[],"class_list":["post-2279","post","type-post","status-publish","format-standard","hentry","category-aktivitaeten"],"_links":{"self":[{"href":"https:\/\/www.martina-tegtmeier.de\/index.php?rest_route=\/wp\/v2\/posts\/2279","targetHints":{"allow":["GET"]}}],"collection":[{"href":"https:\/\/www.martina-tegtmeier.de\/index.php?rest_route=\/wp\/v2\/posts"}],"about":[{"href":"https:\/\/www.martina-tegtmeier.de\/index.php?rest_route=\/wp\/v2\/types\/post"}],"author":[{"embeddable":true,"href":"https:\/\/www.martina-tegtmeier.de\/index.php?rest_route=\/wp\/v2\/users\/2"}],"replies":[{"embeddable":true,"href":"https:\/\/www.martina-tegtmeier.de\/index.php?rest_route=%2Fwp%2Fv2%2Fcomments&post=2279"}],"version-history":[{"count":1,"href":"https:\/\/www.martina-tegtmeier.de\/index.php?rest_route=\/wp\/v2\/posts\/2279\/revisions"}],"predecessor-version":[{"id":2281,"href":"https:\/\/www.martina-tegtmeier.de\/index.php?rest_route=\/wp\/v2\/posts\/2279\/revisions\/2281"}],"wp:attachment":[{"href":"https:\/\/www.martina-tegtmeier.de\/index.php?rest_route=%2Fwp%2Fv2%2Fmedia&parent=2279"}],"wp:term":[{"taxonomy":"category","embeddable":true,"href":"https:\/\/www.martina-tegtmeier.de\/index.php?rest_route=%2Fwp%2Fv2%2Fcategories&post=2279"},{"taxonomy":"post_tag","embeddable":true,"href":"https:\/\/www.martina-tegtmeier.de\/index.php?rest_route=%2Fwp%2Fv2%2Ftags&post=2279"}],"curies":[{"name":"wp","href":"https:\/\/api.w.org\/{rel}","templated":true}]}}